{"id":17949,"date":"2020-09-23T18:29:06","date_gmt":"2020-09-23T23:29:06","guid":{"rendered":"http:\/\/www.zonaroja.com.mx\/?p=17949"},"modified":"2020-09-23T18:29:11","modified_gmt":"2020-09-23T23:29:11","slug":"maquillan-en-oaxaca-cifras-de-personas-desaparecidas-sabuesas-guerreras","status":"publish","type":"post","link":"https:\/\/zonaroja.com.mx\/?p=17949","title":{"rendered":"Maquillan en Oaxaca cifras de personas desaparecidas: \u201cSabuesas Guerreras\u201d"},"content":{"rendered":"\n<p>Yuridiana Sosa\/Zona Roja.<\/p>\n\n\n\n<p>Oaxaca de Ju\u00e1rez, Oax., 23 de septiembre de 2020.- Desorganizaci\u00f3n, amenazas, desinter\u00e9s y cifras maquilladas, forman parte del desempe\u00f1o de la Fiscal\u00eda General de Oaxaca con relaci\u00f3n a la desaparici\u00f3n y b\u00fasqueda de personas, asever\u00f3 la presidente del colectivo nacional \u201cSabuesas Guerreras\u201d, Mar\u00eda Isabel Cruz Bernal.<\/p>\n\n\n\n<p>En su visita por Oaxaca, para un ejercicio de orientaci\u00f3n y organizaci\u00f3n de familias oaxaque\u00f1as v\u00edctimas de las desapariciones, la tambi\u00e9n representante del colectivo en Mat\u00edas Romero, se\u00f1al\u00f3 que existe un evidente miedo sembrado por las mismas autoridades para evitar que inicien b\u00fasquedas por cuenta propia.<\/p>\n\n\n\n<p>Desde hace dos a\u00f1os que est\u00e1 atenta al problema en Oaxaca, dijo, se ha percatado de una persistente manipulaci\u00f3n de las cifras con el reporte de n\u00fameros similares de v\u00edctimas de forma continua y una supuesta eficacia de localizaci\u00f3n del 70 por ciento.<\/p>\n\n\n\n<p>Sin embargo, de acuerdo a las familias, la realidad es distinta, pues adem\u00e1s de ser amagados tambi\u00e9n padecen del extrav\u00edo de expedientes, falta de investigaciones y desinter\u00e9s.<\/p>\n\n\n\n<figure class=\"wp-block-embed-twitter wp-block-embed is-type-rich is-provider-twitter\"><div class=\"wp-block-embed__wrapper\">\n<div class=\"twitter-tweet\"><blockquote class=\"twitter-tweet\" data-lang=\"es\"><p lang=\"es\" dir=\"ltr\"><a href=\"https:\/\/twitter.com\/hashtag\/%C3%9AltimoMinuto?src=hash&amp;ref_src=twsrc%5Etfw\">#\u00daltimoMinuto<\/a> <br>De visita a <a href=\"https:\/\/twitter.com\/hashtag\/Oaxaca?src=hash&amp;ref_src=twsrc%5Etfw\">#Oaxaca<\/a>, la presidenta de la asociaci\u00f3n civil \u201cSabuesas Guerreras\u201d, Mar\u00eda Isabel Cruz Bernal, lament\u00f3 que en M\u00e9xico, al igual que en esta entidad, se maquillen las cifras de personas desaparecidas y no se realicen las b\u00fasquedas de manera eficiente. <a href=\"https:\/\/t.co\/ncgxNCJOHE\">pic.twitter.com\/ncgxNCJOHE<\/a><\/p>&mdash; Zona Roja Oaxaca (@MexRoja) <a href=\"https:\/\/twitter.com\/MexRoja\/status\/1308819053809676288?ref_src=twsrc%5Etfw\">23 de septiembre de 2020<\/a><\/blockquote><\/div>\n<\/div><\/figure>\n\n\n\n<p>La crisis se ha extendido por todo el pa\u00eds, pues lo que antes era exclusivo de los estados del norte del pa\u00eds y donde se ha visibilizado m\u00e1s el tema, se ha extendido al sur, como en Oaxaca, donde tambi\u00e9n se abrir\u00e1 un colectivo de b\u00fasqueda para las familias de los Valles Centrales.<\/p>\n\n\n\n<p>\u201cEs importante la organizaci\u00f3n de las familias, es momento que salgan a exigir su derecho de que sus familias sean buscadas\u201d, se\u00f1al\u00f3 la rastreadora, como se autodefine.<\/p>\n\n\n\n<p>La representante de \u201cSabuesas Guerras\u201d urgi\u00f3 la integraci\u00f3n de la Comisi\u00f3n Local de B\u00fasqueda del Estado de Oaxaca, la cual debi\u00f3 entrar en funciones desde el 2018; seg\u00fan informaci\u00f3n del Congreso de Oaxaca, no se instal\u00f3 por falta de personal, equipo y protocolos para las acciones de b\u00fasqueda y localizaci\u00f3n de personas.<\/p>\n\n\n\n<p>A nivel nacional, indic\u00f3, existe un registro de 75 mil a 80 mil personas desaparecidas, as\u00ed como entre 37 mil a 40 mil cuerpos sin identificar alojados en los Servicios M\u00e9dicos Forenses.<\/p>\n","protected":false},"excerpt":{"rendered":"<p>Yuridiana Sosa\/Zona Roja. Oaxaca de Ju\u00e1rez, Oax., 23 de septiembre de 2020.- Desorganizaci\u00f3n, amenazas, desinter\u00e9s&hellip;<\/p>\n","protected":false},"author":2,"featured_media":17950,"comment_status":"closed","ping_status":"open","sticky":false,"template":"","format":"standard","meta":{"_lmt_disableupdate":"","_lmt_disable":"","_jetpack_memberships_contains_paid_content":false,"footnotes":""},"categories":[109,47],"tags":[2043,2042],"class_list":["post-17949","post","type-post","status-publish","format-standard","has-post-thumbnail","hentry","category-minuto-a-minuto","category-zona-gris","tag-sabuesas-guerreras-2","tag-maria-isabel-cruz-bernal"],"jetpack_featured_media_url":"https:\/\/zonaroja.com.mx\/wp-content\/uploads\/2020\/09\/Maria-Isabel-Cruz-Bernal-Sabuesas-Guerreras.png","jetpack_sharing_enabled":true,"_links":{"self":[{"href":"https:\/\/zonaroja.com.mx\/index.php?rest_route=\/wp\/v2\/posts\/17949","targetHints":{"allow":["GET"]}}],"collection":[{"href":"https:\/\/zonaroja.com.mx\/index.php?rest_route=\/wp\/v2\/posts"}],"about":[{"href":"https:\/\/zonaroja.com.mx\/index.php?rest_route=\/wp\/v2\/types\/post"}],"author":[{"embeddable":true,"href":"https:\/\/zonaroja.com.mx\/index.php?rest_route=\/wp\/v2\/users\/2"}],"replies":[{"embeddable":true,"href":"https:\/\/zonaroja.com.mx\/index.php?rest_route=%2Fwp%2Fv2%2Fcomments&post=17949"}],"version-history":[{"count":1,"href":"https:\/\/zonaroja.com.mx\/index.php?rest_route=\/wp\/v2\/posts\/17949\/revisions"}],"predecessor-version":[{"id":17951,"href":"https:\/\/zonaroja.com.mx\/index.php?rest_route=\/wp\/v2\/posts\/17949\/revisions\/17951"}],"wp:featuredmedia":[{"embeddable":true,"href":"https:\/\/zonaroja.com.mx\/index.php?rest_route=\/wp\/v2\/media\/17950"}],"wp:attachment":[{"href":"https:\/\/zonaroja.com.mx\/index.php?rest_route=%2Fwp%2Fv2%2Fmedia&parent=17949"}],"wp:term":[{"taxonomy":"category","embeddable":true,"href":"https:\/\/zonaroja.com.mx\/index.php?rest_route=%2Fwp%2Fv2%2Fcategories&post=17949"},{"taxonomy":"post_tag","embeddable":true,"href":"https:\/\/zonaroja.com.mx\/index.php?rest_route=%2Fwp%2Fv2%2Ftags&post=17949"}],"curies":[{"name":"wp","href":"https:\/\/api.w.org\/{rel}","templated":true}]}}