{"id":17952,"date":"2020-09-23T19:00:27","date_gmt":"2020-09-24T00:00:27","guid":{"rendered":"http:\/\/www.zonaroja.com.mx\/?p=17952"},"modified":"2020-09-23T19:00:30","modified_gmt":"2020-09-24T00:00:30","slug":"quejas-por-baches-y-danos-por-lluvias-llegan-al-congreso-emite-exhortos-al-gobierno","status":"publish","type":"post","link":"https:\/\/zonaroja.com.mx\/?p=17952","title":{"rendered":"Quejas por baches y da\u00f1os por lluvias llegan al Congreso; emite exhortos al gobierno"},"content":{"rendered":"\n<p>Redacci\u00f3n\/Zona Roja.<\/p>\n\n\n\n<p>Oaxaca de Ju\u00e1rez, Oax., 23 de septiembre de 2020.- Las continuas quejas de la sociedad por baches en la zona metropolitana de la ciudad de Oaxaca y por da\u00f1os causados por las lluvias, principalmente en la regi\u00f3n de la Cuenca, llegaron al Congreso del Estado.<\/p>\n\n\n\n<p>En sesi\u00f3n ordinaria, la 64 Legislatura se dio a conocer un exhorto dirigido a presidentes municipales y dependencias estatales, a fin de que implementen un programa emergente de bacheo y de atenci\u00f3n al arbolado urbano ante los efectos de las recientes lluvias que se han registrado en la entidad.<\/p>\n\n\n\n<p>En particular, a los ayuntamientos de Oaxaca de Ju\u00e1rez, San Jacinto Amilpas, Santa Cruz Xoxocotl\u00e1n, Santa Luc\u00eda del Camino y San Antonio de la Cal, y a los titulares de la Secretar\u00eda de las Infraestructuras y el Ordenamiento Territorial Sustentable, Caminos y Aeropistas de Oaxaca y de los Servicios de Agua Potable y Alcantarillado.<\/p>\n\n\n\n<p>El Punto de Acuerdo expone que las lluvias y los fuertes vientos han propiciado la ca\u00edda de \u00e1rboles, lo cual, representa un riesgo para la poblaci\u00f3n. Tambi\u00e9n, pide a las administraciones municipales, se alleguen de las recomendaciones de especialistas para proteger el arbolado citadino de las plagas que los atacan.<\/p>\n\n\n\n<p>Igualmente, se demandan acciones de bacheo con planeaci\u00f3n t\u00e9cnica y el uso de materiales de \u00f3ptima calidad para garantizar una movilidad en \u00f3ptimas condiciones. De este modo se evitar\u00edan accidentes, as\u00ed como el da\u00f1o a los ciclistas y el deterioro de las unidades de motor.<\/p>\n\n\n\n<p>Las propuestas legislativas fueron presentadas por Hilda Graciela P\u00e9rez Luis, C\u00e9sar Enrique Morales Ni\u00f1o, Elim Antonio Aquino, Aleida Tonelly Serrano Rosado, Sa\u00fal Cruz Jim\u00e9nez, Victoria Cruz Villar y Aurora Bertha L\u00f3pez Acevedo.<\/p>\n\n\n\n<p>RESCATE PARA DAMNIFICADOS<\/p>\n\n\n\n<p>Por otra parte, el Congreso de Oaxaca demand\u00f3 al gobierno del Estado atender de manera urgente e inmediata a las personas damnificadas por las lluvias y el desbordamiento de r\u00edos en las regiones de la Mixteca y la Cuenca del Papaloapan.<\/p>\n\n\n\n<p>Al aprobar un exhorto durante la sesi\u00f3n ordinaria de este mi\u00e9rcoles, solicit\u00f3 &nbsp;a los titulares del Poder Ejecutivo, la Secretar\u00eda General de Gobierno y la Coordinaci\u00f3n Estatal de Protecci\u00f3n Civil, enviar de manera urgente e inmediata cuerpos de rescate y ayuda a las zonas afectadas.<\/p>\n\n\n\n<p>Esto en virtud de las inundaciones ocasionadas por el desbordamiento del r\u00edo \u201cValle Nacional\u201d y las afectaciones causadas por las lluvias en comunidades como R\u00edo Chiquito, Cerro Caliente, La Alicia, Paso San Jacobo, Playa Lim\u00f3n y R\u00edo Manso.<\/p>\n\n\n\n<p>Los puntos de acuerdo promovidos por la diputada, Victoria Cruz Villar y el legislador, Sa\u00fal Cruz Jim\u00e9nez, piden a las autoridades solicitar la emisi\u00f3n de la declaratoria de desastre natural, para efectos de las reglas de operaci\u00f3n del Fondo de Desastres Naturales (Fonden).<\/p>\n\n\n\n<p>Los municipios que se requiere sean atendidos, son San Juan Cotzoc\u00f3n, Santiago Zacatepec, Santiago Choapam, San Juan Lalana, San Juan Comaltepec y Totontepec Villa de Morelos, en las regiones de la Cuenca del Papaloapan y Sierra Ju\u00e1rez.<\/p>\n","protected":false},"excerpt":{"rendered":"<p>Redacci\u00f3n\/Zona Roja. Oaxaca de Ju\u00e1rez, Oax., 23 de septiembre de 2020.- Las continuas quejas de&hellip;<\/p>\n","protected":false},"author":2,"featured_media":17904,"comment_status":"closed","ping_status":"open","sticky":false,"template":"","format":"standard","meta":{"_lmt_disableupdate":"","_lmt_disable":"","_jetpack_memberships_contains_paid_content":false,"footnotes":""},"categories":[109,47],"tags":[213],"class_list":["post-17952","post","type-post","status-publish","format-standard","has-post-thumbnail","hentry","category-minuto-a-minuto","category-zona-gris","tag-64-legislatura-de-oaxaca"],"jetpack_featured_media_url":"https:\/\/zonaroja.com.mx\/wp-content\/uploads\/2020\/09\/Santiago-Jocotepec-2.jpg","jetpack_sharing_enabled":true,"_links":{"self":[{"href":"https:\/\/zonaroja.com.mx\/index.php?rest_route=\/wp\/v2\/posts\/17952","targetHints":{"allow":["GET"]}}],"collection":[{"href":"https:\/\/zonaroja.com.mx\/index.php?rest_route=\/wp\/v2\/posts"}],"about":[{"href":"https:\/\/zonaroja.com.mx\/index.php?rest_route=\/wp\/v2\/types\/post"}],"author":[{"embeddable":true,"href":"https:\/\/zonaroja.com.mx\/index.php?rest_route=\/wp\/v2\/users\/2"}],"replies":[{"embeddable":true,"href":"https:\/\/zonaroja.com.mx\/index.php?rest_route=%2Fwp%2Fv2%2Fcomments&post=17952"}],"version-history":[{"count":1,"href":"https:\/\/zonaroja.com.mx\/index.php?rest_route=\/wp\/v2\/posts\/17952\/revisions"}],"predecessor-version":[{"id":17953,"href":"https:\/\/zonaroja.com.mx\/index.php?rest_route=\/wp\/v2\/posts\/17952\/revisions\/17953"}],"wp:featuredmedia":[{"embeddable":true,"href":"https:\/\/zonaroja.com.mx\/index.php?rest_route=\/wp\/v2\/media\/17904"}],"wp:attachment":[{"href":"https:\/\/zonaroja.com.mx\/index.php?rest_route=%2Fwp%2Fv2%2Fmedia&parent=17952"}],"wp:term":[{"taxonomy":"category","embeddable":true,"href":"https:\/\/zonaroja.com.mx\/index.php?rest_route=%2Fwp%2Fv2%2Fcategories&post=17952"},{"taxonomy":"post_tag","embeddable":true,"href":"https:\/\/zonaroja.com.mx\/index.php?rest_route=%2Fwp%2Fv2%2Ftags&post=17952"}],"curies":[{"name":"wp","href":"https:\/\/api.w.org\/{rel}","templated":true}]}}