{"id":17960,"date":"2020-09-23T21:33:55","date_gmt":"2020-09-24T02:33:55","guid":{"rendered":"http:\/\/www.zonaroja.com.mx\/?p=17960"},"modified":"2020-09-23T21:33:59","modified_gmt":"2020-09-24T02:33:59","slug":"argumenta-edil-de-oaxaca-de-juarez-que-bacheos-de-civiles-son-con-fines-politicos","status":"publish","type":"post","link":"https:\/\/zonaroja.com.mx\/?p=17960","title":{"rendered":"Argumenta edil de Oaxaca de Ju\u00e1rez que bacheos de civiles son con \u201cfines pol\u00edticos\u201d"},"content":{"rendered":"\n<p>Redacci\u00f3n\/Zona Roja.<\/p>\n\n\n\n<p>Oaxaca de Ju\u00e1rez, Oax., 23 de septiembre de 2020.- Tras acciones de bacheos por dos d\u00edas por parte de integrantes de la Asociaci\u00f3n Mexicana de la Industria de la Construcci\u00f3n (AMIC), el edil de Oaxaca de Ju\u00e1rez, Oswaldo Garc\u00eda Jarqu\u00edn, asegur\u00f3 son acciones pol\u00edticas.<\/p>\n\n\n\n<p>\u201cEntiendo que quieran ayudarnos, pero es mejor que permitan a los profesionales hacer su trabajo y no realizar un doble esfuerzo para concretar adecuadamente las acciones que est\u00e1n planeadas\u201d, enfatiz\u00f3 en un comunicado.<\/p>\n\n\n\n<p>Y entrevistado la v\u00edspera por representantes de medios de comunicaci\u00f3n, expuso que las acciones de ciudadanos son para \u201cel posicionamiento de imagen\u201d, en referencia a los actos del dirigente de la AMIC, Javier Ch\u00e1vez.<\/p>\n\n\n\n<p>Hay campa\u00f1as en contra nuestra, probablemente de funcionarios; pero cuando es trabajo, no hay dinero; cuando es de ataques, s\u00ed hay, manifest\u00f3.<\/p>\n\n\n\n<p>En tanto, de acuerdo con versiones difundidas este mi\u00e9rcoles, ciudadanos remarcaron que los bacheos de la AMIC son con fines proselitistas y no a favor de la sociedad.<\/p>\n\n\n\n<p>Se\u00f1alaron que su presidente, Javier Ch\u00e1vez Rosales, busca ser candidato a la presidencia municipal, a\u00fan sin definir por qu\u00e9 partido, por lo cual realiza acciones protag\u00f3nicas para difundir su imagen.<\/p>\n\n\n\n<p>Durante dos d\u00edas, la AMIC ha realizado supuestos bacheos, el lunes en la lateral del Perif\u00e9rico de la capital, en la zona del Parque del Amor, pero sin rellenar los hoyancos sobre la cinta asf\u00e1ltica, sino a un lado de la banqueta.<\/p>\n\n\n\n<p>Automovilistas de la zona criticaron que si dicha asociaci\u00f3n pretende hacer acciones positivas, que sean sobre la cinta asf\u00e1ltica da\u00f1ada y no cerca de la banqueta pes a ellos no les beneficia en nada.<\/p>\n\n\n\n<p>Adem\u00e1s, utiliza materiales de mala calidad y el trabajo lo realizan de manera superficial, sin tener personal calificado ni mucho menos retirar el pavimento da\u00f1ado.<\/p>\n","protected":false},"excerpt":{"rendered":"<p>Redacci\u00f3n\/Zona Roja. Oaxaca de Ju\u00e1rez, Oax., 23 de septiembre de 2020.- Tras acciones de bacheos&hellip;<\/p>\n","protected":false},"author":2,"featured_media":17961,"comment_status":"closed","ping_status":"open","sticky":false,"template":"","format":"standard","meta":{"_lmt_disableupdate":"","_lmt_disable":"","_jetpack_memberships_contains_paid_content":false,"footnotes":""},"categories":[1],"tags":[],"class_list":["post-17960","post","type-post","status-publish","format-standard","has-post-thumbnail","hentry","category-sin-categoria"],"jetpack_featured_media_url":"https:\/\/zonaroja.com.mx\/wp-content\/uploads\/2020\/09\/Bacheo-ciudad-de-Oaxaca.jpg","jetpack_sharing_enabled":true,"_links":{"self":[{"href":"https:\/\/zonaroja.com.mx\/index.php?rest_route=\/wp\/v2\/posts\/17960","targetHints":{"allow":["GET"]}}],"collection":[{"href":"https:\/\/zonaroja.com.mx\/index.php?rest_route=\/wp\/v2\/posts"}],"about":[{"href":"https:\/\/zonaroja.com.mx\/index.php?rest_route=\/wp\/v2\/types\/post"}],"author":[{"embeddable":true,"href":"https:\/\/zonaroja.com.mx\/index.php?rest_route=\/wp\/v2\/users\/2"}],"replies":[{"embeddable":true,"href":"https:\/\/zonaroja.com.mx\/index.php?rest_route=%2Fwp%2Fv2%2Fcomments&post=17960"}],"version-history":[{"count":1,"href":"https:\/\/zonaroja.com.mx\/index.php?rest_route=\/wp\/v2\/posts\/17960\/revisions"}],"predecessor-version":[{"id":17962,"href":"https:\/\/zonaroja.com.mx\/index.php?rest_route=\/wp\/v2\/posts\/17960\/revisions\/17962"}],"wp:featuredmedia":[{"embeddable":true,"href":"https:\/\/zonaroja.com.mx\/index.php?rest_route=\/wp\/v2\/media\/17961"}],"wp:attachment":[{"href":"https:\/\/zonaroja.com.mx\/index.php?rest_route=%2Fwp%2Fv2%2Fmedia&parent=17960"}],"wp:term":[{"taxonomy":"category","embeddable":true,"href":"https:\/\/zonaroja.com.mx\/index.php?rest_route=%2Fwp%2Fv2%2Fcategories&post=17960"},{"taxonomy":"post_tag","embeddable":true,"href":"https:\/\/zonaroja.com.mx\/index.php?rest_route=%2Fwp%2Fv2%2Ftags&post=17960"}],"curies":[{"name":"wp","href":"https:\/\/api.w.org\/{rel}","templated":true}]}}