{"id":17963,"date":"2020-09-23T21:46:15","date_gmt":"2020-09-24T02:46:15","guid":{"rendered":"http:\/\/www.zonaroja.com.mx\/?p=17963"},"modified":"2020-09-23T21:46:20","modified_gmt":"2020-09-24T02:46:20","slug":"capacitan-de-manera-virtual-a-mas-de-800-empleados-del-poder-judicial","status":"publish","type":"post","link":"https:\/\/zonaroja.com.mx\/?p=17963","title":{"rendered":"Capacitan de manera virtual a m\u00e1s de 800 empleados del Poder Judicial"},"content":{"rendered":"\n<p>Redacci\u00f3n\/Zona Roja.<\/p>\n\n\n\n<p>Oaxaca de Ju\u00e1rez, Oax., 23 de septiembre de 2020.- El Poder Judicial del Estado de Oaxaca, a trav\u00e9s de la Escuela Judicial, gener\u00f3 las condiciones necesarias para dar continuidad a los procesos de formaci\u00f3n, especializaci\u00f3n y profesionalizaci\u00f3n en la instituci\u00f3n, con el uso las herramientas tecnol\u00f3gicas como son las plataformas educativas virtuales para clases en l\u00ednea, modalidad que permiti\u00f3 actualizar en los \u00faltimos meses a 833 servidores p\u00fablicos.<\/p>\n\n\n\n<p>Materias como Derechos Humanos, G\u00e9nero, Sistema Acusatorio Adversarial, Familiar, Civil y Mercantil, Penal Sustantivo, Mediaci\u00f3n, Criminalistica y el nuevo Sistema de Justicia Laboral, entre otros, se impartieron mediante 12 cursos organizados acorde al Plan de Trabajo establecido a inicios de este a\u00f1o.<\/p>\n\n\n\n<p>El director de la Escuela Judicial, H\u00e9ctor Humberto Quevedo V\u00e1squez, se\u00f1al\u00f3 que vivimos un mundo globalizado donde la tecnolog\u00eda ha cambiado las din\u00e1micas de competencia y el \u00e1rea acad\u00e9mica no es la excepci\u00f3n; por ello, y ante el contexto de la pandemia, la instituci\u00f3n reforz\u00f3 sus actividades a distancia.<\/p>\n\n\n\n<p>Destac\u00f3 que en alianza con diferentes instituciones y otros Poderes Judiciales del pa\u00eds se ha continuado la capacitaci\u00f3n en diferentes temas, adem\u00e1s de que ante la entrada en vigor de la reforma del nuevo sistema de justicia laboral, en 2021, en Oaxaca se fortalece la preparaci\u00f3n del personal jurisdiccional que estar\u00e1 involucrado en la materia.<\/p>\n\n\n\n<p>Por otra parte, tambi\u00e9n de manera virtual se imparten los m\u00f3dulos correspondientes al ciclo acad\u00e9mico 2020 de los Estudios de Especializaci\u00f3n Judicial, que cada a\u00f1o lleva a cabo la Escuela Judicial, en sus cinco ramos: Derechos Humanos, Derecho Civil-Mercantil, Derecho Familiar, Derecho Penal Sustantivo y Sistema Acusatorio Penal.<\/p>\n\n\n\n<p>A trav\u00e9s de estas actividades, el Poder Judicial del Estado, que preside el magistrado Eduardo Pinacho S\u00e1nchez, cumple con los compromisos institucionales y tratados internacionales en derechos humanos, los cuales se\u00f1alan la necesidad de generar acciones de formaci\u00f3n y capacitaci\u00f3n en el rubro para su aplicaci\u00f3n, principalmente en la funci\u00f3n jurisdiccional.<\/p>\n","protected":false},"excerpt":{"rendered":"<p>Redacci\u00f3n\/Zona Roja. Oaxaca de Ju\u00e1rez, Oax., 23 de septiembre de 2020.- El Poder Judicial del&hellip;<\/p>\n","protected":false},"author":2,"featured_media":17964,"comment_status":"closed","ping_status":"open","sticky":false,"template":"","format":"standard","meta":{"_lmt_disableupdate":"","_lmt_disable":"","_jetpack_memberships_contains_paid_content":false,"footnotes":""},"categories":[109,46],"tags":[223],"class_list":["post-17963","post","type-post","status-publish","format-standard","has-post-thumbnail","hentry","category-minuto-a-minuto","category-zona-blanca","tag-poder-judicial-de-oaxaca"],"jetpack_featured_media_url":"https:\/\/zonaroja.com.mx\/wp-content\/uploads\/2020\/09\/01-foto-capacitacion-scaled.jpg","jetpack_sharing_enabled":true,"_links":{"self":[{"href":"https:\/\/zonaroja.com.mx\/index.php?rest_route=\/wp\/v2\/posts\/17963","targetHints":{"allow":["GET"]}}],"collection":[{"href":"https:\/\/zonaroja.com.mx\/index.php?rest_route=\/wp\/v2\/posts"}],"about":[{"href":"https:\/\/zonaroja.com.mx\/index.php?rest_route=\/wp\/v2\/types\/post"}],"author":[{"embeddable":true,"href":"https:\/\/zonaroja.com.mx\/index.php?rest_route=\/wp\/v2\/users\/2"}],"replies":[{"embeddable":true,"href":"https:\/\/zonaroja.com.mx\/index.php?rest_route=%2Fwp%2Fv2%2Fcomments&post=17963"}],"version-history":[{"count":1,"href":"https:\/\/zonaroja.com.mx\/index.php?rest_route=\/wp\/v2\/posts\/17963\/revisions"}],"predecessor-version":[{"id":17965,"href":"https:\/\/zonaroja.com.mx\/index.php?rest_route=\/wp\/v2\/posts\/17963\/revisions\/17965"}],"wp:featuredmedia":[{"embeddable":true,"href":"https:\/\/zonaroja.com.mx\/index.php?rest_route=\/wp\/v2\/media\/17964"}],"wp:attachment":[{"href":"https:\/\/zonaroja.com.mx\/index.php?rest_route=%2Fwp%2Fv2%2Fmedia&parent=17963"}],"wp:term":[{"taxonomy":"category","embeddable":true,"href":"https:\/\/zonaroja.com.mx\/index.php?rest_route=%2Fwp%2Fv2%2Fcategories&post=17963"},{"taxonomy":"post_tag","embeddable":true,"href":"https:\/\/zonaroja.com.mx\/index.php?rest_route=%2Fwp%2Fv2%2Ftags&post=17963"}],"curies":[{"name":"wp","href":"https:\/\/api.w.org\/{rel}","templated":true}]}}