{"id":17966,"date":"2020-09-23T21:52:44","date_gmt":"2020-09-24T02:52:44","guid":{"rendered":"http:\/\/www.zonaroja.com.mx\/?p=17966"},"modified":"2020-09-23T21:52:48","modified_gmt":"2020-09-24T02:52:48","slug":"registra-oaxaca-este-miercoles-un-fallecimiento-y-128-casos-por-covid","status":"publish","type":"post","link":"https:\/\/zonaroja.com.mx\/?p=17966","title":{"rendered":"Registra Oaxaca este mi\u00e9rcoles un fallecimiento y 128 casos por Covid"},"content":{"rendered":"\n<p>Redacci\u00f3n\/Zona Roja.<\/p>\n\n\n\n<p>Oaxaca de Ju\u00e1rez, Oax. 23 de septiembre de 2020.- Al corte epidemiol\u00f3gico de este mi\u00e9rcoles 23 de septiembre, los Servicios de Salud de Oaxaca (SSO) registran 128 casos nuevos de Covid-19, sumando 15 mil 930 casos acumulados en toda la entidad.<\/p>\n\n\n\n<p>Adem\u00e1s, se han notificado 23 mil 735 casos, de los cuales seis mil 966 han sido negativos, hay 839 sospechosos en espera de resultados de laboratorio, 13 mil 917 se han recuperado y se registr\u00f3 un deceso, sumando mil 412 defunciones.<\/p>\n\n\n\n<p>En un comunicado, la dependencia agreg\u00f3 que la Jurisdicci\u00f3n Sanitaria n\u00famero uno Valles Centrales registr\u00f3 10 mil 641 casos confirmados y 680 defunciones, Tuxtepec mil 671 y 242 fallecimientos, Istmo mil 598 y 277 decesos, Mixteca mil 010 y 98 muertes, Costa 696 y 74 defunciones y la Sierra 314 y 41 fallecimientos.<\/p>\n\n\n\n<p>Los 128 casos nuevos registrados hoy se distribuyen en 38 municipios, siendo el que mayor n\u00famero de casos present\u00f3 el de Oaxaca de Ju\u00e1rez con 53, Santa Cruz Xoxocotl\u00e1n y Santa Luc\u00eda del Camino ocho cada uno, San Sebasti\u00e1n Tutla cinco, Juchit\u00e1n de Zaragoza y Villa de Etla cuatro cada uno, el resto tres, dos y un caso.<\/p>\n\n\n\n<figure class=\"wp-block-embed-twitter wp-block-embed is-type-rich is-provider-twitter\"><div class=\"wp-block-embed__wrapper\">\n<div class=\"twitter-tweet\"><blockquote class=\"twitter-tweet\" data-lang=\"es\"><p lang=\"es\" dir=\"ltr\">Al corte de este mi\u00e9rcoles 23 de septiembre, 38 municipios con casos positivos nuevos de <a href=\"https:\/\/twitter.com\/hashtag\/COVID19?src=hash&amp;ref_src=twsrc%5Etfw\">#COVID19<\/a>.<br><br>La responsabilidad de cada una y uno de nosotros en la aplicaci\u00f3n de las medidas de prevenci\u00f3n contra el nuevo coronavirus, contribuye en la reducci\u00f3n de contagios. <a href=\"https:\/\/t.co\/2U1rj9i9cE\">pic.twitter.com\/2U1rj9i9cE<\/a><\/p>&mdash; Servicios de Salud (@SSO_GobOax) <a href=\"https:\/\/twitter.com\/SSO_GobOax\/status\/1308935330045755392?ref_src=twsrc%5Etfw\">24 de septiembre de 2020<\/a><\/blockquote><\/div>\n<\/div><\/figure>\n\n\n\n<p>Dijo que de los 601 casos activos, la Jurisdicci\u00f3n Sanitaria n\u00famero uno Valles Centrales contabiliza 422, Mixteca 61, Sierra 39, Costa 36, Tuxtepec 20 y el Istmo 23 casos.<\/p>\n\n\n\n<p>Por ocupaci\u00f3n hospitalaria el Hospital Regional de Alta Especialidad de Oaxaca (HRAEO), presenta el 78.6% de camas ocupadas, seguido del IMSS r\u00e9gimen ordinario con 46.5%, ISSSTE 44.3%, Pemex 41.7%. Hay una ocupaci\u00f3n global del 35.9 %, sin ventilador 44.6% y con ventilador 21.4 %.<\/p>\n\n\n\n<p>Finalmente, dijo que la pandemia contin\u00faa por lo no se debe bajar la guardia, asimismo, utilizar correctamente el cubrebocas ya que \u00e9ste salva vidas, por lo que al salir se debe usar siempre, evitar tocarlo, cubrir nariz y boca, no compartirlo, quitarlo de la parte de atr\u00e1s y no tocarlo, lavarse las manos antes de colocarlo y quitarlo, y lavarse las manos 20 veces al d\u00eda, \u201caplicar la sana distancia y sino tiene a que salir, qu\u00e9dense en casa\u201d.<\/p>\n","protected":false},"excerpt":{"rendered":"<p>Redacci\u00f3n\/Zona Roja. Oaxaca de Ju\u00e1rez, Oax. 23 de septiembre de 2020.- Al corte epidemiol\u00f3gico de&hellip;<\/p>\n","protected":false},"author":2,"featured_media":17967,"comment_status":"closed","ping_status":"open","sticky":false,"template":"","format":"standard","meta":{"_lmt_disableupdate":"","_lmt_disable":"","_jetpack_memberships_contains_paid_content":false,"footnotes":""},"categories":[109,47],"tags":[1512],"class_list":["post-17966","post","type-post","status-publish","format-standard","has-post-thumbnail","hentry","category-minuto-a-minuto","category-zona-gris","tag-coronavirus-oaxaca"],"jetpack_featured_media_url":"https:\/\/zonaroja.com.mx\/wp-content\/uploads\/2020\/09\/SSO-2-3-1.jpeg","jetpack_sharing_enabled":true,"_links":{"self":[{"href":"https:\/\/zonaroja.com.mx\/index.php?rest_route=\/wp\/v2\/posts\/17966","targetHints":{"allow":["GET"]}}],"collection":[{"href":"https:\/\/zonaroja.com.mx\/index.php?rest_route=\/wp\/v2\/posts"}],"about":[{"href":"https:\/\/zonaroja.com.mx\/index.php?rest_route=\/wp\/v2\/types\/post"}],"author":[{"embeddable":true,"href":"https:\/\/zonaroja.com.mx\/index.php?rest_route=\/wp\/v2\/users\/2"}],"replies":[{"embeddable":true,"href":"https:\/\/zonaroja.com.mx\/index.php?rest_route=%2Fwp%2Fv2%2Fcomments&post=17966"}],"version-history":[{"count":1,"href":"https:\/\/zonaroja.com.mx\/index.php?rest_route=\/wp\/v2\/posts\/17966\/revisions"}],"predecessor-version":[{"id":17968,"href":"https:\/\/zonaroja.com.mx\/index.php?rest_route=\/wp\/v2\/posts\/17966\/revisions\/17968"}],"wp:featuredmedia":[{"embeddable":true,"href":"https:\/\/zonaroja.com.mx\/index.php?rest_route=\/wp\/v2\/media\/17967"}],"wp:attachment":[{"href":"https:\/\/zonaroja.com.mx\/index.php?rest_route=%2Fwp%2Fv2%2Fmedia&parent=17966"}],"wp:term":[{"taxonomy":"category","embeddable":true,"href":"https:\/\/zonaroja.com.mx\/index.php?rest_route=%2Fwp%2Fv2%2Fcategories&post=17966"},{"taxonomy":"post_tag","embeddable":true,"href":"https:\/\/zonaroja.com.mx\/index.php?rest_route=%2Fwp%2Fv2%2Ftags&post=17966"}],"curies":[{"name":"wp","href":"https:\/\/api.w.org\/{rel}","templated":true}]}}