{"id":17969,"date":"2020-09-23T21:58:19","date_gmt":"2020-09-24T02:58:19","guid":{"rendered":"http:\/\/www.zonaroja.com.mx\/?p=17969"},"modified":"2020-09-23T21:58:23","modified_gmt":"2020-09-24T02:58:23","slug":"adulto-mayor-sobrevive-al-covid-tras-20-dias-intubado-en-hospital-de-tuxtepec","status":"publish","type":"post","link":"https:\/\/zonaroja.com.mx\/?p=17969","title":{"rendered":"Adulto mayor sobrevive al Covid, tras 20 d\u00edas intubado en hospital de Tuxtepec"},"content":{"rendered":"\n<p>Yuridiana Sosa\/Zona Roja.<\/p>\n\n\n\n<p>San Juan Bautista Tuxtepec, Oax., 23 de septiembre de 2020.- Al toque de campanas, entre aplausos y una valla humana del personal m\u00e9dico, Crescencio, un adulto mayor de 66 a\u00f1os de edad, fue dado de alta del Hospital General de Tuxtepec, tras 20 d\u00edas de permanecer intubado.<\/p>\n\n\n\n<p>El hombre sali\u00f3 en silla de ruedas acompa\u00f1ado por familiares y personal m\u00e9dico que lo atendi\u00f3 durante su estancia en el \u00fanico hospital de los Servicios de Salud de Oaxaca convertido a Covid-19 en la regi\u00f3n de la Cuenca.<\/p>\n\n\n\n<p>Su familia agradeci\u00f3 a los m\u00e9dicos y enfermeras que ayudaron al hombre a vencer el virus del Sars-Cov-2, luego de una larga jornada de lucha que se extendi\u00f3 por un mes, pues por su edad la familia tem\u00eda por su vida.<\/p>\n\n\n\n<p>Y es que, seg\u00fan estad\u00edsticas de la Secretar\u00eda de Salud en Oaxaca, el grupo de edad con m\u00e1s defunciones por este virus es de los 65 y m\u00e1s.<\/p>\n\n\n\n<p>La Jurisdicci\u00f3n Sanitaria n\u00famero 3 inform\u00f3 que don Crescencio es originario de Flor Batavia, del municipio de San Andr\u00e9s Teotil\u00e1lpam, de la regi\u00f3n Ca\u00f1ada, sin embargo, fue atendido en el Hospital de Tuxtepec, a unas tres horas de camino, a donde lleg\u00f3 luego de 10 d\u00edas de confrontar una neumon\u00eda at\u00edpica y por complicaciones respiratorias la familia decidi\u00f3 trasladarlo a la unidad m\u00e1s cercana.<\/p>\n\n\n\n<p>La recuperaci\u00f3n del hombre, de oficio campesino, fue alentada al no padecer ni obesidad, diabetes, hipertensi\u00f3n o dificultades renales.<\/p>\n\n\n\n<p>La Jurisdicci\u00f3n Sanitaria n\u00famero 03, de los SS0, acumula mil 671 casos positivos de Covid-19 y 242 defunciones; San Juan Bautista Tuxtepec es el municipio con el mayor registro de contagios en la regi\u00f3n de la Cuenca, con mil 295 y 193 defunciones, de acuerdo a datos oficiales de la Secretar\u00eda de Salud.<\/p>\n","protected":false},"excerpt":{"rendered":"<p>Yuridiana Sosa\/Zona Roja. San Juan Bautista Tuxtepec, Oax., 23 de septiembre de 2020.- Al toque&hellip;<\/p>\n","protected":false},"author":2,"featured_media":17970,"comment_status":"closed","ping_status":"open","sticky":false,"template":"","format":"standard","meta":{"_lmt_disableupdate":"","_lmt_disable":"","_jetpack_memberships_contains_paid_content":false,"footnotes":""},"categories":[109,46],"tags":[1005],"class_list":["post-17969","post","type-post","status-publish","format-standard","has-post-thumbnail","hentry","category-minuto-a-minuto","category-zona-blanca","tag-servicios-de-salud-de-oaxaca-sso"],"jetpack_featured_media_url":"https:\/\/zonaroja.com.mx\/wp-content\/uploads\/2020\/09\/Vencio-al-Covid-Tuxtepec.jpg","jetpack_sharing_enabled":true,"_links":{"self":[{"href":"https:\/\/zonaroja.com.mx\/index.php?rest_route=\/wp\/v2\/posts\/17969","targetHints":{"allow":["GET"]}}],"collection":[{"href":"https:\/\/zonaroja.com.mx\/index.php?rest_route=\/wp\/v2\/posts"}],"about":[{"href":"https:\/\/zonaroja.com.mx\/index.php?rest_route=\/wp\/v2\/types\/post"}],"author":[{"embeddable":true,"href":"https:\/\/zonaroja.com.mx\/index.php?rest_route=\/wp\/v2\/users\/2"}],"replies":[{"embeddable":true,"href":"https:\/\/zonaroja.com.mx\/index.php?rest_route=%2Fwp%2Fv2%2Fcomments&post=17969"}],"version-history":[{"count":1,"href":"https:\/\/zonaroja.com.mx\/index.php?rest_route=\/wp\/v2\/posts\/17969\/revisions"}],"predecessor-version":[{"id":17971,"href":"https:\/\/zonaroja.com.mx\/index.php?rest_route=\/wp\/v2\/posts\/17969\/revisions\/17971"}],"wp:featuredmedia":[{"embeddable":true,"href":"https:\/\/zonaroja.com.mx\/index.php?rest_route=\/wp\/v2\/media\/17970"}],"wp:attachment":[{"href":"https:\/\/zonaroja.com.mx\/index.php?rest_route=%2Fwp%2Fv2%2Fmedia&parent=17969"}],"wp:term":[{"taxonomy":"category","embeddable":true,"href":"https:\/\/zonaroja.com.mx\/index.php?rest_route=%2Fwp%2Fv2%2Fcategories&post=17969"},{"taxonomy":"post_tag","embeddable":true,"href":"https:\/\/zonaroja.com.mx\/index.php?rest_route=%2Fwp%2Fv2%2Ftags&post=17969"}],"curies":[{"name":"wp","href":"https:\/\/api.w.org\/{rel}","templated":true}]}}