{"id":17985,"date":"2020-09-24T09:25:37","date_gmt":"2020-09-24T14:25:37","guid":{"rendered":"http:\/\/www.zonaroja.com.mx\/?p=17985"},"modified":"2020-09-24T09:25:42","modified_gmt":"2020-09-24T14:25:42","slug":"desenmascaran-a-organizaciones-que-pedian-apoyo-a-nombre-de-comunidades-de-oaxaca","status":"publish","type":"post","link":"https:\/\/zonaroja.com.mx\/?p=17985","title":{"rendered":"Desenmascaran a organizaciones que ped\u00edan apoyo a nombre de comunidades de Oaxaca"},"content":{"rendered":"\n<p>Evlin Arag\u00f3n\/Zona Roja.<\/p>\n\n\n\n<p>Oaxaca de Ju\u00e1rez, Oax., 24 de septiembre de 2020.- \u201cNo se vale que lucren a nombre del municipio de Santiago Jocotepec y de San Juan Lalana, que vengan a pedir y no les llegue el apoyo a esos amigos\u201d.<\/p>\n\n\n\n<p>Fueron los reclamos de la autoridad municipal de Jocotepec y del diputado local \u00c1ngel Dom\u00ednguez Escobar luego corrieran a gritos a integrantes de la Asamblea de Pueblos, del Comit\u00e9 de Defensa de los Derechos del Pueblo (Codep), y del Comit\u00e9 de Defensa de los Pueblos Ind\u00edgenas (Codedi), de las oficinas centrales de la Coordinaci\u00f3n Estatal de Protecci\u00f3n Civil, en la capital.&nbsp;<\/p>\n\n\n\n<p>Lo anterior tras argumentar que las organizaciones, encabezadas por Juan Torres Pereda, pretend\u00edan lucrar con la desgracia de la poblaci\u00f3n que este fin de semana se vio seriamente afectada con las lluvias que se registraron en la regi\u00f3n de la Cuenca del Papaloapan.&nbsp;&nbsp;<\/p>\n\n\n\n<p>&#8211; \u00a1No lucres!<\/p>\n\n\n\n<p>&#8211; \u00a1Nosotros tambi\u00e9n somos pueblo!<\/p>\n\n\n\n<p>&#8211; \u00a1Pero no lucres!<\/p>\n\n\n\n<figure class=\"wp-block-embed-twitter wp-block-embed is-type-rich is-provider-twitter\"><div class=\"wp-block-embed__wrapper\">\n<div class=\"twitter-tweet\"><blockquote class=\"twitter-tweet\" data-lang=\"es\"><p lang=\"es\" dir=\"ltr\">Ver para creer: Organizaciones como Asamblea de Pueblos, Codep y Codedi, encabezados por Juan Torres Pereda, fueron sorprendidos hoy en oficinas de la <a href=\"https:\/\/twitter.com\/CEPCO_GobOax?ref_src=twsrc%5Etfw\">@CEPCO_GobOax<\/a> al pedir apoyos para Santiago Jocotepec\u2026 pero ya lo hac\u00eda formalmente el edil; tras reclamarles, fueron corridos. <a href=\"https:\/\/t.co\/jZqH48bxxi\">pic.twitter.com\/jZqH48bxxi<\/a><\/p>&mdash; Zona Roja Oaxaca (@MexRoja) <a href=\"https:\/\/twitter.com\/MexRoja\/status\/1308922820056027144?ref_src=twsrc%5Etfw\">24 de septiembre de 2020<\/a><\/blockquote><\/div>\n<\/div><\/figure>\n\n\n\n<p>Fueron los gritos que se escucharon y que evidenciaron la situaci\u00f3n que caus\u00f3 indignaci\u00f3n por parte de quienes ya estaban siendo atendidos por las autoridades del Gobierno del Estado, mientras el grupo de organizaciones se apersonaba para pedir apoyo en su nombre.&nbsp;<\/p>\n\n\n\n<p>Tras ello, entre manoteos y amenazas, se retiraron Juan Torres Pereda y Jaqueline Almaz\u00e1n, entre otros, quienes desde hace d\u00edas piden apoyos para personas damnificadas por las lluvias, que supuestamente ellos representan.<\/p>\n\n\n\n<p>Al respecto el diputado por el distrito de Loma Bonita rechazo el actuar de la organizaci\u00f3n que dijo est\u00e1n en todo su derecho de realizar sus actividades sin que estas perjudiquen a quienes menos tienen o han resultado con afectaciones por fen\u00f3menos naturales.<\/p>\n\n\n\n<p>\u201cNo se vale que est\u00e9n haciendo eso, ya que se les olvide. Hasta amenazaron con que van a protestar el pr\u00f3ximo 2 de octubre. Que no nos espanten las organizaciones sociales, si realmente traen un trabajo que lo hagan pero que no lucren con una desgracia\u201d, sentenci\u00f3.<\/p>\n\n\n\n<p>As\u00ed mismo, asegur\u00f3 que no teme que las organizaciones inicien una campa\u00f1a de desprestigio en su contra, por lo que seguir\u00e1 apoyando a los municipios de su distrito hasta que las autoridades declaren en emergencia a la localidad y con ello llegue el apoyo a las y los habitantes.<\/p>\n\n\n\n<p>Apenas el lunes 21 de junio, las organizaciones sociales, encabezadas por Juan Torres Pereda, acudieron a la sede de Protecci\u00f3n Civil a vandalizar, para pedir apoyos para la Cuenca.<\/p>\n\n\n\n<p>En tanto, desde este martes, habitantes de Santiago Jocotepec arribaron a la capital de Oaxaca para solicitar el respaldo de las autoridades estatales, quienes les asignaron reuniones para este mi\u00e9rcoles, en donde se desenmascararon a las organizaciones que piden apoyo en su nombre.&nbsp;&nbsp;<\/p>\n\n\n\n<p>A la cabeza ven\u00edan el presidente municipal Rigoberto Esc\u00e1rcega P\u00e9rez, acompa\u00f1ado de autoridades auxiliares.<\/p>\n","protected":false},"excerpt":{"rendered":"<p>Evlin Arag\u00f3n\/Zona Roja. Oaxaca de Ju\u00e1rez, Oax., 24 de septiembre de 2020.- \u201cNo se vale&hellip;<\/p>\n","protected":false},"author":2,"featured_media":17986,"comment_status":"closed","ping_status":"open","sticky":false,"template":"","format":"standard","meta":{"_lmt_disableupdate":"","_lmt_disable":"","_jetpack_memberships_contains_paid_content":false,"footnotes":""},"categories":[109,47],"tags":[2034],"class_list":["post-17985","post","type-post","status-publish","format-standard","has-post-thumbnail","hentry","category-minuto-a-minuto","category-zona-gris","tag-santiago-jocotepec"],"jetpack_featured_media_url":"https:\/\/zonaroja.com.mx\/wp-content\/uploads\/2020\/09\/Conflicto-Santiago-Jocotepec-Proteccion-Civil.jpg","jetpack_sharing_enabled":true,"_links":{"self":[{"href":"https:\/\/zonaroja.com.mx\/index.php?rest_route=\/wp\/v2\/posts\/17985","targetHints":{"allow":["GET"]}}],"collection":[{"href":"https:\/\/zonaroja.com.mx\/index.php?rest_route=\/wp\/v2\/posts"}],"about":[{"href":"https:\/\/zonaroja.com.mx\/index.php?rest_route=\/wp\/v2\/types\/post"}],"author":[{"embeddable":true,"href":"https:\/\/zonaroja.com.mx\/index.php?rest_route=\/wp\/v2\/users\/2"}],"replies":[{"embeddable":true,"href":"https:\/\/zonaroja.com.mx\/index.php?rest_route=%2Fwp%2Fv2%2Fcomments&post=17985"}],"version-history":[{"count":1,"href":"https:\/\/zonaroja.com.mx\/index.php?rest_route=\/wp\/v2\/posts\/17985\/revisions"}],"predecessor-version":[{"id":17987,"href":"https:\/\/zonaroja.com.mx\/index.php?rest_route=\/wp\/v2\/posts\/17985\/revisions\/17987"}],"wp:featuredmedia":[{"embeddable":true,"href":"https:\/\/zonaroja.com.mx\/index.php?rest_route=\/wp\/v2\/media\/17986"}],"wp:attachment":[{"href":"https:\/\/zonaroja.com.mx\/index.php?rest_route=%2Fwp%2Fv2%2Fmedia&parent=17985"}],"wp:term":[{"taxonomy":"category","embeddable":true,"href":"https:\/\/zonaroja.com.mx\/index.php?rest_route=%2Fwp%2Fv2%2Fcategories&post=17985"},{"taxonomy":"post_tag","embeddable":true,"href":"https:\/\/zonaroja.com.mx\/index.php?rest_route=%2Fwp%2Fv2%2Ftags&post=17985"}],"curies":[{"name":"wp","href":"https:\/\/api.w.org\/{rel}","templated":true}]}}