{"id":17988,"date":"2020-09-24T09:32:21","date_gmt":"2020-09-24T14:32:21","guid":{"rendered":"http:\/\/www.zonaroja.com.mx\/?p=17988"},"modified":"2020-09-24T09:32:25","modified_gmt":"2020-09-24T14:32:25","slug":"van-nueve-ediles-de-oaxaca-fallecidos-durante-el-lapso-de-la-pandemia","status":"publish","type":"post","link":"https:\/\/zonaroja.com.mx\/?p=17988","title":{"rendered":"Van nueve ediles de Oaxaca fallecidos durante el lapso de la pandemia"},"content":{"rendered":"\n<p>Redacci\u00f3n\/Zona Roja.<\/p>\n\n\n\n<p>Oaxaca de Ju\u00e1rez, Oax., 24 de septiembre de 2020.- Con la muerte del presidente municipal de Santa Cruz Xitla, Miahuatl\u00e1n, Pedro Modesto Santos, suman nueve ediles que han perdido la vida durante el lapso de la pandemia en Oaxaca, en su mayor\u00eda por Covid-19.<\/p>\n\n\n\n<p>El edil Xitla falleci\u00f3 este 23 de septiembre; con anterioridad, perdieron la vida Victorino G\u00f3mez Mart\u00ednez, de San Bartolom\u00e9 Quialana, el 24 agosto; Pedro Esc\u00e1rcega P\u00e9rez, de Santiago Jocotepec, el 21 de agosto.<\/p>\n\n\n\n<p>Alfredo Ju\u00e1rez D\u00edaz, de Mat\u00edas Romero, el 18 de agosto; Artemio Ortiz Ric\u00e1rdez, de Tamazulapam del Esp\u00edritu Santo, el 4 agosto; Fernando Bautista D\u00e1vila, de Tuxtepec, el 16 de julio.<\/p>\n\n\n\n<p>Asimismo, Florencio San Germ\u00e1n Santiago, de San Baltazar Chichicapan, el 28 de junio, y Javier Santiago Ruiz, de Reyes Etla, el 13 de junio.<\/p>\n\n\n\n<p>La mayor\u00eda de los ediles, entre ellos de San Juan Bautista Tuxtepec, Mat\u00edas Romero Avenda\u00f1o, San Bartolom\u00e9 Quialana, San Baltazar Chichic\u00e1pam, murieron a causa del Covid-19 confirmaron sus respectivas autoridades municipales; otros casos fueron por accidente y enfermedades naturales.<\/p>\n","protected":false},"excerpt":{"rendered":"<p>Redacci\u00f3n\/Zona Roja. Oaxaca de Ju\u00e1rez, Oax., 24 de septiembre de 2020.- Con la muerte del&hellip;<\/p>\n","protected":false},"author":2,"featured_media":13526,"comment_status":"closed","ping_status":"open","sticky":false,"template":"","format":"standard","meta":{"_lmt_disableupdate":"","_lmt_disable":"","_jetpack_memberships_contains_paid_content":false,"footnotes":""},"categories":[109,47],"tags":[],"class_list":["post-17988","post","type-post","status-publish","format-standard","has-post-thumbnail","hentry","category-minuto-a-minuto","category-zona-gris"],"jetpack_featured_media_url":"https:\/\/zonaroja.com.mx\/wp-content\/uploads\/2020\/06\/Bast\u00f3n-de-mando-2.jpg","jetpack_sharing_enabled":true,"_links":{"self":[{"href":"https:\/\/zonaroja.com.mx\/index.php?rest_route=\/wp\/v2\/posts\/17988","targetHints":{"allow":["GET"]}}],"collection":[{"href":"https:\/\/zonaroja.com.mx\/index.php?rest_route=\/wp\/v2\/posts"}],"about":[{"href":"https:\/\/zonaroja.com.mx\/index.php?rest_route=\/wp\/v2\/types\/post"}],"author":[{"embeddable":true,"href":"https:\/\/zonaroja.com.mx\/index.php?rest_route=\/wp\/v2\/users\/2"}],"replies":[{"embeddable":true,"href":"https:\/\/zonaroja.com.mx\/index.php?rest_route=%2Fwp%2Fv2%2Fcomments&post=17988"}],"version-history":[{"count":1,"href":"https:\/\/zonaroja.com.mx\/index.php?rest_route=\/wp\/v2\/posts\/17988\/revisions"}],"predecessor-version":[{"id":17989,"href":"https:\/\/zonaroja.com.mx\/index.php?rest_route=\/wp\/v2\/posts\/17988\/revisions\/17989"}],"wp:featuredmedia":[{"embeddable":true,"href":"https:\/\/zonaroja.com.mx\/index.php?rest_route=\/wp\/v2\/media\/13526"}],"wp:attachment":[{"href":"https:\/\/zonaroja.com.mx\/index.php?rest_route=%2Fwp%2Fv2%2Fmedia&parent=17988"}],"wp:term":[{"taxonomy":"category","embeddable":true,"href":"https:\/\/zonaroja.com.mx\/index.php?rest_route=%2Fwp%2Fv2%2Fcategories&post=17988"},{"taxonomy":"post_tag","embeddable":true,"href":"https:\/\/zonaroja.com.mx\/index.php?rest_route=%2Fwp%2Fv2%2Ftags&post=17988"}],"curies":[{"name":"wp","href":"https:\/\/api.w.org\/{rel}","templated":true}]}}