{"id":17991,"date":"2020-09-24T14:00:07","date_gmt":"2020-09-24T19:00:07","guid":{"rendered":"https:\/\/www.zonaroja.com.mx\/?p=17991"},"modified":"2020-09-24T15:33:24","modified_gmt":"2020-09-24T20:33:24","slug":"se-unen-organizaciones-sociales-contra-fiscalia-para-exigir-justicia-por-lider-del-fpr","status":"publish","type":"post","link":"https:\/\/zonaroja.com.mx\/?p=17991","title":{"rendered":"Se unen organizaciones sociales contra Fiscal\u00eda para exigir justicia por l\u00edder del FPR"},"content":{"rendered":"\n<p class=\"MsoNormal\">Yuridiana Sosa\/Zona Roja. <\/p>\n\n\n\n<p class=\"MsoNormal\">Oaxaca de Ju\u00e1rez, Oax., 24 de septiembre de 2020.- Con vivas a la Asamblea Popular de los Pueblos de Oaxaca, decenas de organizaciones sociales y la Secci\u00f3n 22 del SNTE se unieron hoy para exigir a la Fiscalia General del Estado, justicia por diversos cr\u00edmenes que permanecen en la impunidad.<\/p>\n\n\n\n<p class=\"MsoNormal\">Encabezados por el Frente Popular Revolucionario (FPR), integrantes del Movimiento Social Oaxaque\u00f1o anunciaron una movilizaci\u00f3n estatal, que incluye bloqueos, marchas y cierre de oficinas de gobierno, el pr\u00f3ximo <a href=\"\/\/1\">26 de septiembre<\/a>, para exigir se esclarezca el asesinato de su l\u00edder Tom\u00e1s Mart\u00ednez Pinacho.<\/p>\n\n\n\n<p class=\"MsoNormal\">A un mes del homicidio del dirigente del FPR, ocurrido el pasado 24 de agosto en \u00c1nimas Trujano, posterior a una marcha que realizaron, la dirigencia del Frente denunci\u00f3 omisiones por parte de la Fiscal\u00eda General del Estado para investigar este caso, sobre el que, advirti\u00f3, luchar\u00e1n para evitar\u00e1n que se archive como otros hechos contra activistas y defensores. <\/p>\n\n\n\n<p class=\"MsoNormal\">El presidente del FPR, Macario Otalo Padilla, llam\u00f3 a los integrantes del Movimiento Social a cerrar filas contra la impunidad de las autoridades sobre temas de justicia penal hasta temas sociales.<\/p>\n\n\n\n<figure class=\"wp-block-embed-twitter wp-block-embed is-type-rich is-provider-twitter\"><div class=\"wp-block-embed__wrapper\">\n<div class=\"twitter-tweet\"><blockquote class=\"twitter-tweet\" data-lang=\"es\"><p lang=\"es\" dir=\"ltr\"><a href=\"https:\/\/twitter.com\/hashtag\/ENVIVO?src=hash&amp;ref_src=twsrc%5Etfw\">#ENVIVO<\/a> <br>Oaxaca de Ju\u00e1rez, Oax., 24 de septiembre de 2020.- Conferencia de prensa de diversas organizaciones sociales de Oaxaca para denunciar que a un mes del asesinato de Tom\u00e1s Mart\u00ednez Pinacho, no hay ning\u00fan avance de las indagatorias. <br><br>Aqu\u00ed \ud83d\udc47<a href=\"https:\/\/t.co\/pvpFZBytnR\">https:\/\/t.co\/pvpFZBytnR<\/a> <a href=\"https:\/\/t.co\/uOjGjPfFuX\">pic.twitter.com\/uOjGjPfFuX<\/a><\/p>&mdash; Zona Roja Oaxaca (@MexRoja) <a href=\"https:\/\/twitter.com\/MexRoja\/status\/1309151214047834112?ref_src=twsrc%5Etfw\">24 de septiembre de 2020<\/a><\/blockquote><\/div>\n<\/div><\/figure>\n\n\n\n<p class=\"MsoNormal\">Por el asesinato de Mart\u00ednez Pinacho, calificado como un asunto de represi\u00f3n pol\u00edtica, el l\u00edder exigi\u00f3 al Fiscal General, Rub\u00e9n Vasconcelos, una inmediata investigaci\u00f3n para esclarecer el crimen, as\u00ed como castigo a los responsables, tanto autores materiales como intelectuales.<\/p>\n\n\n\n<p class=\"MsoNormal\">Durante conferencia de prensa, en instalaciones de la Defensor\u00eda de los Derechos Humanos del Pueblo de Oaxaca (DDHPO), los activistas responsabilizan de cualquier agresi\u00f3n personal o contra las organizaciones de la que sean v\u00edctimas al gobierno estatal, por lo que tambi\u00e9n reiteraron la petici\u00f3n a la Defensor\u00eda para que garantice las medidas cautelares emitidas a favor de los activistas.<\/p>\n\n\n\n<p class=\"MsoNormal\">El FRP y el conjunto de organizaciones y sindicatos que integran el Movimiento Social, anunciaron que <a href=\"\/\/3\">desde las 2:00<\/a> horas <a href=\"\/\/4\">del pr\u00f3ximo s\u00e1bado<\/a> comenzar\u00e1n sus actividades de protesta en la capital de estado, zona conurbada y en las distintas regiones donde tienen presencia, pues la \u00fanica forma de presionar al gobierno a la atenci\u00f3n de sus demandas.<\/p>\n","protected":false},"excerpt":{"rendered":"<p>Yuridiana Sosa\/Zona Roja. Oaxaca de Ju\u00e1rez, Oax., 24 de septiembre de 2020.- Con vivas a&hellip;<\/p>\n","protected":false},"author":2,"featured_media":17990,"comment_status":"closed","ping_status":"open","sticky":false,"template":"","format":"standard","meta":{"_lmt_disableupdate":"","_lmt_disable":"","_jetpack_memberships_contains_paid_content":false,"footnotes":""},"categories":[109,47],"tags":[1954],"class_list":["post-17991","post","type-post","status-publish","format-standard","has-post-thumbnail","hentry","category-minuto-a-minuto","category-zona-gris","tag-tomas-martinez-pinacho"],"jetpack_featured_media_url":"https:\/\/zonaroja.com.mx\/wp-content\/uploads\/2020\/09\/dce17fcb-6672-4a89-9ad1-5a4804d74882.jpg","jetpack_sharing_enabled":true,"_links":{"self":[{"href":"https:\/\/zonaroja.com.mx\/index.php?rest_route=\/wp\/v2\/posts\/17991","targetHints":{"allow":["GET"]}}],"collection":[{"href":"https:\/\/zonaroja.com.mx\/index.php?rest_route=\/wp\/v2\/posts"}],"about":[{"href":"https:\/\/zonaroja.com.mx\/index.php?rest_route=\/wp\/v2\/types\/post"}],"author":[{"embeddable":true,"href":"https:\/\/zonaroja.com.mx\/index.php?rest_route=\/wp\/v2\/users\/2"}],"replies":[{"embeddable":true,"href":"https:\/\/zonaroja.com.mx\/index.php?rest_route=%2Fwp%2Fv2%2Fcomments&post=17991"}],"version-history":[{"count":2,"href":"https:\/\/zonaroja.com.mx\/index.php?rest_route=\/wp\/v2\/posts\/17991\/revisions"}],"predecessor-version":[{"id":17996,"href":"https:\/\/zonaroja.com.mx\/index.php?rest_route=\/wp\/v2\/posts\/17991\/revisions\/17996"}],"wp:featuredmedia":[{"embeddable":true,"href":"https:\/\/zonaroja.com.mx\/index.php?rest_route=\/wp\/v2\/media\/17990"}],"wp:attachment":[{"href":"https:\/\/zonaroja.com.mx\/index.php?rest_route=%2Fwp%2Fv2%2Fmedia&parent=17991"}],"wp:term":[{"taxonomy":"category","embeddable":true,"href":"https:\/\/zonaroja.com.mx\/index.php?rest_route=%2Fwp%2Fv2%2Fcategories&post=17991"},{"taxonomy":"post_tag","embeddable":true,"href":"https:\/\/zonaroja.com.mx\/index.php?rest_route=%2Fwp%2Fv2%2Ftags&post=17991"}],"curies":[{"name":"wp","href":"https:\/\/api.w.org\/{rel}","templated":true}]}}