{"id":17997,"date":"2020-09-24T15:47:32","date_gmt":"2020-09-24T20:47:32","guid":{"rendered":"http:\/\/www.zonaroja.com.mx\/?p=17997"},"modified":"2020-09-24T15:47:35","modified_gmt":"2020-09-24T20:47:35","slug":"artistas-y-activistas-oaxaquenos-inician-campana-en-defensa-del-cerro-del-creston","status":"publish","type":"post","link":"https:\/\/zonaroja.com.mx\/?p=17997","title":{"rendered":"Artistas y activistas oaxaque\u00f1os inician campa\u00f1a en defensa del cerro del \u201cCrest\u00f3n\u201d"},"content":{"rendered":"\n<p>Yuridiana Sosa\/Zona Roja.<\/p>\n\n\n\n<p>Oaxaca de Ju\u00e1rez, Oax., 24 de septiembre de 2020.- Artistas, ambientalistas y activistas se pronunciaron por la defensa del cerro del \u201cCrest\u00f3n\u201d de la capital de Oaxaca, ante la intenci\u00f3n del edil Oswaldo Garc\u00eda Jarqu\u00edn, de vender parte de este espacio, por lo que convocaron a la ciudadan\u00eda a unirse, e incluso propusieron comprarlo para evitar la construcci\u00f3n de un complejo habitacional.<\/p>\n\n\n\n<p>Ayer mi\u00e9rcoles, en sesi\u00f3n de Cabildo y con votos divididos, se aprob\u00f3 que la propuesta del presidente municipal, de vender tres mil metros cuadrados con un valor de tres millones 900 mil, pase a la Comisi\u00f3n de Hacienda Municipal para su revisi\u00f3n.<\/p>\n\n\n\n<p>NO SE VENDE<\/p>\n\n\n\n<p>La artista pl\u00e1stica Magda Ruiz pint\u00f3 un cuadro frente a la explanada del templo de Santo Domingo de Guzm\u00e1n, para inconformarse con la pretensi\u00f3n del presidente municipal, surgido del Partido Morena.<\/p>\n\n\n\n<p>\u201cSe est\u00e1 viendo afectado por la ambici\u00f3n de algunas personas que se sienten con poder, el cerro del \u2018Crest\u00f3n\u2019 ha sufrido una herida grave; es sumamente importante que nos unamos, que defendamos lo que es nuestro, que alcemos la voz, que no permitamos que pasen por encima de nosotros.<\/p>\n\n\n\n<p>\u201cEl cerro no se vende, es un tesoro de los oaxaque\u00f1os, es un \u00e1rea protegida que vamos a defender; me estoy manifestando en contra de cualquier persona, asociaci\u00f3n o lo que sea, que quiera vender nuestro estado, nuestra tierra, nuestras \u00e1reas verdes.<\/p>\n\n\n\n<p>\u201cA trav\u00e9s de mi trabajo levanto la voz e invito a todos los oaxaque\u00f1os para que se sumen y defiendan de manera pac\u00edfica y ordenada, que no se queden callados, que no se aguanten ese dolor de ver nuestro cerro herido, lastimado y que est\u00e1 tentativo que cualquier persona pueda venir y decir yo lo compro o yo lo vendo\u201d, expuso.<\/p>\n\n\n\n<figure class=\"wp-block-embed-twitter wp-block-embed is-type-rich is-provider-twitter\"><div class=\"wp-block-embed__wrapper\">\n<div class=\"twitter-tweet\"><blockquote class=\"twitter-tweet\" data-lang=\"es\"><p lang=\"es\" dir=\"ltr\"><a href=\"https:\/\/twitter.com\/hashtag\/ENVIVO?src=hash&amp;ref_src=twsrc%5Etfw\">#ENVIVO<\/a><br>Oaxaca de Ju\u00e1rez, Oax., 22 de septiembre de 2020.- Conferencia de artistas y activistas en contra del proyecto del ayuntamiento de Oaxaca de Ju\u00e1rez de vender un predio en el cerro del \u201cCrest\u00f3n\u201d de la capital.<br><br>Aqu\u00ed la transmisi\u00f3n \ud83d\udc47<a href=\"https:\/\/t.co\/SHfOf4Jixi\">https:\/\/t.co\/SHfOf4Jixi<\/a> <a href=\"https:\/\/t.co\/XIe6QZ7xWc\">pic.twitter.com\/XIe6QZ7xWc<\/a><\/p>&mdash; Zona Roja Oaxaca (@MexRoja) <a href=\"https:\/\/twitter.com\/MexRoja\/status\/1309178034470051841?ref_src=twsrc%5Etfw\">24 de septiembre de 2020<\/a><\/blockquote><\/div>\n<\/div><\/figure>\n\n\n\n<p>COOPEREMOS<\/p>\n\n\n\n<p>Los activistas, entre ellos el artista pl\u00e1stico y caricaturista oaxaque\u00f1o Arnoldo D\u00e1maso, se reunieron con un grupo de colegas y vecinos del afectada para analizar el problema y buscar el rescate del espacio que ya es intervenida con maquinaria.<\/p>\n\n\n\n<p>El artista dijo que tienen informaci\u00f3n que en ese espacio, ante el cambio del uso de suelo, se podr\u00eda construir una zona habitacional que tendr\u00eda un impacto negativo para la zona cercana de reserva y que colinda con el cerro del \u201cFort\u00edn\u201d.<\/p>\n\n\n\n<p>\u201cA ver si nos echamos la coperacha y nos juntamos los tres millones y se lo compramos al municipio con el fin de beneficiar a la poblaci\u00f3n\u201d, expres\u00f3 el artista ante la posibilidad de que el Cabildo apruebe la iniciativa del edil, pues el cerro del \u201cCrest\u00f3n\u201d forma parte de un espacio representativo en la vida de los capitalinos.<\/p>\n\n\n\n<p>La propuesta de Oswaldo Garc\u00eda se justifica en que con la venta de ese espacio se podr\u00e1n solventar gastos como combustibles, lubricantes y aditivos para la Direcci\u00f3n de Servicios Municipales y para la Subdirecci\u00f3n de Seguridad P\u00fablica, Vialidad y Protecci\u00f3n Ciudadana.<\/p>\n\n\n\n<p>Ante la divisi\u00f3n de opiniones de su Cabildo, el edil defendi\u00f3 la iniciativa en decir que no se comete ning\u00fan acto il\u00edcito, pues ese terreno ya fue desincorporado desde el a\u00f1o 2014, y que los comentarios negativos forman parte de una campa\u00f1a de desinformaci\u00f3n para desacreditarlo. Pero no convenci\u00f3 y la propuesta se analiza.<\/p>\n","protected":false},"excerpt":{"rendered":"<p>Yuridiana Sosa\/Zona Roja. Oaxaca de Ju\u00e1rez, Oax., 24 de septiembre de 2020.- Artistas, ambientalistas y&hellip;<\/p>\n","protected":false},"author":2,"featured_media":17998,"comment_status":"closed","ping_status":"open","sticky":false,"template":"","format":"standard","meta":{"_lmt_disableupdate":"","_lmt_disable":"","_jetpack_memberships_contains_paid_content":false,"footnotes":""},"categories":[109,47],"tags":[2045],"class_list":["post-17997","post","type-post","status-publish","format-standard","has-post-thumbnail","hentry","category-minuto-a-minuto","category-zona-gris","tag-cerro-del-creston-ciudad-de-oaxaca"],"jetpack_featured_media_url":"https:\/\/zonaroja.com.mx\/wp-content\/uploads\/2020\/09\/No-venta-cerro-del-Creston.png","jetpack_sharing_enabled":true,"_links":{"self":[{"href":"https:\/\/zonaroja.com.mx\/index.php?rest_route=\/wp\/v2\/posts\/17997","targetHints":{"allow":["GET"]}}],"collection":[{"href":"https:\/\/zonaroja.com.mx\/index.php?rest_route=\/wp\/v2\/posts"}],"about":[{"href":"https:\/\/zonaroja.com.mx\/index.php?rest_route=\/wp\/v2\/types\/post"}],"author":[{"embeddable":true,"href":"https:\/\/zonaroja.com.mx\/index.php?rest_route=\/wp\/v2\/users\/2"}],"replies":[{"embeddable":true,"href":"https:\/\/zonaroja.com.mx\/index.php?rest_route=%2Fwp%2Fv2%2Fcomments&post=17997"}],"version-history":[{"count":1,"href":"https:\/\/zonaroja.com.mx\/index.php?rest_route=\/wp\/v2\/posts\/17997\/revisions"}],"predecessor-version":[{"id":17999,"href":"https:\/\/zonaroja.com.mx\/index.php?rest_route=\/wp\/v2\/posts\/17997\/revisions\/17999"}],"wp:featuredmedia":[{"embeddable":true,"href":"https:\/\/zonaroja.com.mx\/index.php?rest_route=\/wp\/v2\/media\/17998"}],"wp:attachment":[{"href":"https:\/\/zonaroja.com.mx\/index.php?rest_route=%2Fwp%2Fv2%2Fmedia&parent=17997"}],"wp:term":[{"taxonomy":"category","embeddable":true,"href":"https:\/\/zonaroja.com.mx\/index.php?rest_route=%2Fwp%2Fv2%2Fcategories&post=17997"},{"taxonomy":"post_tag","embeddable":true,"href":"https:\/\/zonaroja.com.mx\/index.php?rest_route=%2Fwp%2Fv2%2Ftags&post=17997"}],"curies":[{"name":"wp","href":"https:\/\/api.w.org\/{rel}","templated":true}]}}