{"id":18000,"date":"2020-09-24T17:09:51","date_gmt":"2020-09-24T22:09:51","guid":{"rendered":"http:\/\/www.zonaroja.com.mx\/?p=18000"},"modified":"2020-09-24T17:15:10","modified_gmt":"2020-09-24T22:15:10","slug":"alcaldesa-oaxaca-fue-sancionado-por-cometer-violencia-politica-por-razon-de-genero","status":"publish","type":"post","link":"https:\/\/zonaroja.com.mx\/?p=18000","title":{"rendered":"Alcaldesa de Oaxaca fue sancionada por cometer violencia pol\u00edtica por raz\u00f3n de g\u00e9nero"},"content":{"rendered":"\n<p>Redacci\u00f3n\/Zona Roja.<\/p>\n\n\n\n<p>Oaxaca de Ju\u00e1rez, Oax., 24 de septiembre de 2020.- La Sala Regional Xalapa del Tribunal Electoral del Poder Judicial de la Federaci\u00f3n (TEPJF), determin\u00f3 que la presidenta municipal de Santa Cruz Amilpas, Oaxaca, Natividad Mat\u00edas Morales, ejerci\u00f3 violencia pol\u00edtica en raz\u00f3n de g\u00e9nero, en contra de la regidora de Ecolog\u00eda, Adriana Risue\u00f1o Mat\u00edas.<\/p>\n\n\n\n<p>En consecuencia, durante la sesi\u00f3n virtual, declar\u00f3 que la alcaldesa perdi\u00f3 la presunci\u00f3n de contar con un modo honesto de vivir; es decir, no podr\u00e1 ser electa para otro cargo de representaci\u00f3n popular o participar en alg\u00fan comicio.<\/p>\n\n\n\n<p>De acuerdo con un comunicado, el pleno de la Sala Regional determin\u00f3 que la sentencia del Tribunal Electoral del Estado de Oaxaca (TEEO) est\u00e1 debidamente fundada y motivada, pues del an\u00e1lisis del expediente se advirtieron elementos suficientes para acreditar que la presidenta municipal realiz\u00f3 diversos actos que constituyen violencia pol\u00edtica en raz\u00f3n de g\u00e9nero en contra de la regidora de Ecolog\u00eda del propio Ayuntamiento.<\/p>\n\n\n\n<p>\u201cPor lo que se justifica tanto la decisi\u00f3n del TEEO de declarar la p\u00e9rdida de la presunci\u00f3n de contar con un modo honesto de vivir de la presidenta municipal, as\u00ed como la correspondiente notificaci\u00f3n al Instituto Estatal Electoral y de Participaci\u00f3n Ciudadana de Oaxaca (IEEPCO)\u201d.<\/p>\n\n\n\n<p>CASO JAQUELINE ESCAMILLA<\/p>\n\n\n\n<p>En otro asunto, la Sala Regional Xalapa confirm\u00f3, por razones distintas, la sentencia del TEEO que revoc\u00f3 el acuerdo del IEEPCO que desech\u00f3 la demanda presentada por la presidenta del Instituto Municipal de la Mujer de Oaxaca de Ju\u00e1rez (Jaqueline Escamilla Villanueva), relativa a actos de violencia pol\u00edtica en raz\u00f3n de g\u00e9nero ejercidos en su contra por el presidente municipal (Oswaldo Garc\u00eda Jarqu\u00edn) y la presidenta honoraria del Consejo Consultivo del Comit\u00e9 Municipal del Sistema de Desarrollo Integral de la Familia, y orden\u00f3 al IEEPCO resolver lo que en derecho proceda.<\/p>\n\n\n\n<p>La magistrada y magistrados de la Sala desestimaron los agravios expuestos por los promoventes, ya que al momento en que sucedieron los hechos denunciados se encontraba vigente la modificaci\u00f3n a la normativa general que establece las bases a las que deb\u00eda sujetarse el IEEPCO para que conociera, a trav\u00e9s del Procedimiento Especial Sancionador, asuntos relacionados con violencia pol\u00edtica en raz\u00f3n de g\u00e9nero.<\/p>\n\n\n\n<p>De igual forma, determinaron que era correcto que las mujeres que desempe\u00f1an cargos p\u00fablicos por designaci\u00f3n, tengan a su alcance el referido procedimiento especial sancionador, para denunciar cualquier acto de violencia pol\u00edtica en raz\u00f3n de g\u00e9nero que se ejerza en su contra, a fin de conseguir que, en su caso, se sancione a los responsables y la eventual restituci\u00f3n de su derecho violado.<\/p>\n\n\n\n<p>Por \u00faltimo, la Sala Regional Xalapa confirm\u00f3 la sentencia del TEEO que determin\u00f3 improcedente la solicitud del regidor de Salud del ayuntamiento de Magdalena Tequisistl\u00e1n de declarar la p\u00e9rdida de la presunci\u00f3n de modo honesto de vivir del presidente municipal e integrantes del Cabildo del citado municipio.<\/p>\n\n\n\n<p>En su demanda, el regidor de Salud solicit\u00f3 la referida declaraci\u00f3n derivado del incumplimiento reiterado a diversas sentencias con las que el TEEO orden\u00f3 se le pagaran las dietas adeudadas, lo convocaran a sesiones de Cabildo y, adem\u00e1s, se le asignara una oficina, recursos materiales y personal para el desempe\u00f1o de su cargo.<\/p>\n\n\n\n<p>Sin embargo, se desestim\u00f3 la pretensi\u00f3n del regidor debido a que dichas omisiones no son de la naturaleza necesaria para proceder a declarar o desvirtuar la presunci\u00f3n del modo honesto de vivir, pues no guardan relaci\u00f3n con temas de violencia pol\u00edtica en raz\u00f3n de g\u00e9nero.<\/p>\n\n\n\n<p>En suma, en la sesi\u00f3n de este 24 de septiembre se resolvieron seis medios de impugnaci\u00f3n: un juicio ciudadano y cinco juicios electorales.<\/p>\n","protected":false},"excerpt":{"rendered":"<p>Redacci\u00f3n\/Zona Roja. Oaxaca de Ju\u00e1rez, Oax., 24 de septiembre de 2020.- La Sala Regional Xalapa&hellip;<\/p>\n","protected":false},"author":2,"featured_media":18001,"comment_status":"closed","ping_status":"open","sticky":false,"template":"","format":"standard","meta":{"_lmt_disableupdate":"","_lmt_disable":"","_jetpack_memberships_contains_paid_content":false,"footnotes":""},"categories":[109,47],"tags":[244,2046],"class_list":["post-18000","post","type-post","status-publish","format-standard","has-post-thumbnail","hentry","category-minuto-a-minuto","category-zona-gris","tag-jaqueline-escamilla-villanueva","tag-santa-cruz-amilpas"],"jetpack_featured_media_url":"https:\/\/zonaroja.com.mx\/wp-content\/uploads\/2020\/09\/Santa-Cruz-Amilpas.jpg","jetpack_sharing_enabled":true,"_links":{"self":[{"href":"https:\/\/zonaroja.com.mx\/index.php?rest_route=\/wp\/v2\/posts\/18000","targetHints":{"allow":["GET"]}}],"collection":[{"href":"https:\/\/zonaroja.com.mx\/index.php?rest_route=\/wp\/v2\/posts"}],"about":[{"href":"https:\/\/zonaroja.com.mx\/index.php?rest_route=\/wp\/v2\/types\/post"}],"author":[{"embeddable":true,"href":"https:\/\/zonaroja.com.mx\/index.php?rest_route=\/wp\/v2\/users\/2"}],"replies":[{"embeddable":true,"href":"https:\/\/zonaroja.com.mx\/index.php?rest_route=%2Fwp%2Fv2%2Fcomments&post=18000"}],"version-history":[{"count":2,"href":"https:\/\/zonaroja.com.mx\/index.php?rest_route=\/wp\/v2\/posts\/18000\/revisions"}],"predecessor-version":[{"id":18004,"href":"https:\/\/zonaroja.com.mx\/index.php?rest_route=\/wp\/v2\/posts\/18000\/revisions\/18004"}],"wp:featuredmedia":[{"embeddable":true,"href":"https:\/\/zonaroja.com.mx\/index.php?rest_route=\/wp\/v2\/media\/18001"}],"wp:attachment":[{"href":"https:\/\/zonaroja.com.mx\/index.php?rest_route=%2Fwp%2Fv2%2Fmedia&parent=18000"}],"wp:term":[{"taxonomy":"category","embeddable":true,"href":"https:\/\/zonaroja.com.mx\/index.php?rest_route=%2Fwp%2Fv2%2Fcategories&post=18000"},{"taxonomy":"post_tag","embeddable":true,"href":"https:\/\/zonaroja.com.mx\/index.php?rest_route=%2Fwp%2Fv2%2Ftags&post=18000"}],"curies":[{"name":"wp","href":"https:\/\/api.w.org\/{rel}","templated":true}]}}