{"id":18005,"date":"2020-09-24T18:42:47","date_gmt":"2020-09-24T23:42:47","guid":{"rendered":"http:\/\/www.zonaroja.com.mx\/?p=18005"},"modified":"2020-09-24T18:42:52","modified_gmt":"2020-09-24T23:42:52","slug":"alertan-sobre-discriminacion-a-poblacion-indigena-en-instituciones-bancarias","status":"publish","type":"post","link":"https:\/\/zonaroja.com.mx\/?p=18005","title":{"rendered":"Alertan sobre discriminaci\u00f3n a poblaci\u00f3n ind\u00edgena en instituciones bancarias&nbsp;"},"content":{"rendered":"\n<p>Evlin Arag\u00f3n\/Zona Roja.<\/p>\n\n\n\n<p>Oaxaca de Ju\u00e1rez, Oax., 24 de septiembre de 2020.- El diputado local por Morena, Oth\u00f3n Cuevas C\u00f3rdova, present\u00f3 ante el pleno del Congreso local una propuesta de exhorto para que la Comisi\u00f3n Nacional Bancaria y de Valores (CNBV), as\u00ed como la Comisi\u00f3n Nacional para Prevenir la Discriminaci\u00f3n (Conapred), investiguen, analicen y en su caso sancionen a instituciones bancarias por probables casos de discriminaci\u00f3n a la comunidad ind\u00edgena.&nbsp;&nbsp;<\/p>\n\n\n\n<p>\u201cSe ha difundido a nivel estatal y nacional, que en reiteradas ocasiones las instituciones de cr\u00e9dito o bancos, como generalmente se les conoce, han negado el acceso a sus instalaciones a diversas personas, en raz\u00f3n a su origen \u00e9tnico, g\u00e9nero o alguna otra variable socioecon\u00f3mica\u201d, refiere el documento le\u00eddo ayer en tribuna.&nbsp;<\/p>\n\n\n\n<p>En su exposici\u00f3n de motivos, el diputado Oth\u00f3n Cuevas explic\u00f3 que la solicitud en car\u00e1cter de urgente y obvia resoluci\u00f3n es para que en la CNBV a la brevedad se inicien procedimientos administrativos de oficio, a efecto de que investiguen, analicen y en su caso, sancionen a las instituciones de cr\u00e9dito o bancarias, ante probables actos de discriminaci\u00f3n como trato desigual, desplegados en contra de intermediarios de ahorro y cr\u00e9dito popular en el pa\u00eds.&nbsp;<\/p>\n\n\n\n<p>A la par que exhorta al Consejo Nacional para Prevenir la Discriminaci\u00f3n, con la finalidad de que haga lo propio ante posibles actos de discriminaci\u00f3n explicita, en contra de diversas personas, en raz\u00f3n a su origen \u00e9tnico, g\u00e9nero o alguna otra variable socioecon\u00f3mica.<\/p>\n\n\n\n<figure class=\"wp-block-embed-twitter wp-block-embed is-type-rich is-provider-twitter\"><div class=\"wp-block-embed__wrapper\">\n<div class=\"twitter-tweet\"><blockquote class=\"twitter-tweet\" data-lang=\"es\"><p lang=\"es\" dir=\"ltr\">El diputado local por Morena, <a href=\"https:\/\/twitter.com\/othoncuevas?ref_src=twsrc%5Etfw\">@othoncuevas<\/a>, present\u00f3 ante el pleno del Congreso local una propuesta de exhorto para que la Comisi\u00f3n Nacional Bancaria y de Valores y al Conapred, se investigue y en su caso a instituciones bancarias probables casos de discriminaci\u00f3n a ind\u00edgenas. <a href=\"https:\/\/t.co\/PvNJkWx02Z\">pic.twitter.com\/PvNJkWx02Z<\/a><\/p>&mdash; Zona Roja Oaxaca (@MexRoja) <a href=\"https:\/\/twitter.com\/MexRoja\/status\/1308895802971099136?ref_src=twsrc%5Etfw\">23 de septiembre de 2020<\/a><\/blockquote><\/div>\n<\/div><\/figure>\n\n\n\n<p>El legislador evidenci\u00f3 que desde el 2014, la Red ProDesarrollo Asociaci\u00f3n Civil, ha documentado la problem\u00e1tica con informaci\u00f3n compartida por sus asociados, y a la fecha por lo menos 30 instituciones han manifestado tener problemas con la discriminaci\u00f3n por parte de la banca m\u00faltiple, en torno al cierre de cuentas.<\/p>\n\n\n\n<p>Derivado de lo anterior, aproximadamente 281 cuentas est\u00e1n canceladas, 44 condicionadas, ocho sin apertura y cuatro con reapertura tras referir tres tipos de discriminaci\u00f3n financiera en contra de las personas originarias de comunidades ind\u00edgenas.&nbsp;<\/p>\n\n\n\n<p>Cuevas C\u00f3rdoba detall\u00f3 que se entiende como discriminaci\u00f3n explicita cuando un individuo se reh\u00fasa a iniciar una transacci\u00f3n con otro individuo basado en origen \u00e9tnico, g\u00e9nero o alguna otra variable econ\u00f3mica; mientras que el trato desigual se da cuando a las minor\u00edas se les trata de forma m\u00e1s dura que a las mayor\u00edas en los procesos de aplicaci\u00f3n.<\/p>\n\n\n\n<p>Ambas derivan en un impacto desigual en las pr\u00e1cticas comerciales que lastiman desproporcionalmente a un grupo \u00e9tnico, sin que exista una raz\u00f3n de negocios legitima para justificarlo.<\/p>\n\n\n\n<p>Por lo anterior, reiter\u00f3 la solicitud de atenci\u00f3n por parte de la Comisi\u00f3n Nacional Bancaria y de Valores y el Consejo Nacional para Prevenir la Discriminaci\u00f3n, a fin de que los bancos terminen con los presuntos actos discriminatorios en contra de la comunidad ind\u00edgena oaxaque\u00f1a.&nbsp; La iniciativa fue turnada a la comisi\u00f3n cameral respectiva.<\/p>\n","protected":false},"excerpt":{"rendered":"<p>Evlin Arag\u00f3n\/Zona Roja. Oaxaca de Ju\u00e1rez, Oax., 24 de septiembre de 2020.- El diputado local&hellip;<\/p>\n","protected":false},"author":2,"featured_media":18006,"comment_status":"closed","ping_status":"open","sticky":false,"template":"","format":"standard","meta":{"_lmt_disableupdate":"","_lmt_disable":"","_jetpack_memberships_contains_paid_content":false,"footnotes":""},"categories":[109,47],"tags":[1311],"class_list":["post-18005","post","type-post","status-publish","format-standard","has-post-thumbnail","hentry","category-minuto-a-minuto","category-zona-gris","tag-othon-cuevas-cordova"],"jetpack_featured_media_url":"https:\/\/zonaroja.com.mx\/wp-content\/uploads\/2020\/09\/Othon-Cuevas-c-2.jpg","jetpack_sharing_enabled":true,"_links":{"self":[{"href":"https:\/\/zonaroja.com.mx\/index.php?rest_route=\/wp\/v2\/posts\/18005","targetHints":{"allow":["GET"]}}],"collection":[{"href":"https:\/\/zonaroja.com.mx\/index.php?rest_route=\/wp\/v2\/posts"}],"about":[{"href":"https:\/\/zonaroja.com.mx\/index.php?rest_route=\/wp\/v2\/types\/post"}],"author":[{"embeddable":true,"href":"https:\/\/zonaroja.com.mx\/index.php?rest_route=\/wp\/v2\/users\/2"}],"replies":[{"embeddable":true,"href":"https:\/\/zonaroja.com.mx\/index.php?rest_route=%2Fwp%2Fv2%2Fcomments&post=18005"}],"version-history":[{"count":1,"href":"https:\/\/zonaroja.com.mx\/index.php?rest_route=\/wp\/v2\/posts\/18005\/revisions"}],"predecessor-version":[{"id":18007,"href":"https:\/\/zonaroja.com.mx\/index.php?rest_route=\/wp\/v2\/posts\/18005\/revisions\/18007"}],"wp:featuredmedia":[{"embeddable":true,"href":"https:\/\/zonaroja.com.mx\/index.php?rest_route=\/wp\/v2\/media\/18006"}],"wp:attachment":[{"href":"https:\/\/zonaroja.com.mx\/index.php?rest_route=%2Fwp%2Fv2%2Fmedia&parent=18005"}],"wp:term":[{"taxonomy":"category","embeddable":true,"href":"https:\/\/zonaroja.com.mx\/index.php?rest_route=%2Fwp%2Fv2%2Fcategories&post=18005"},{"taxonomy":"post_tag","embeddable":true,"href":"https:\/\/zonaroja.com.mx\/index.php?rest_route=%2Fwp%2Fv2%2Ftags&post=18005"}],"curies":[{"name":"wp","href":"https:\/\/api.w.org\/{rel}","templated":true}]}}