{"id":18008,"date":"2020-09-24T19:36:59","date_gmt":"2020-09-25T00:36:59","guid":{"rendered":"http:\/\/www.zonaroja.com.mx\/?p=18008"},"modified":"2020-09-24T19:37:03","modified_gmt":"2020-09-25T00:37:03","slug":"protestas-y-mas-protestas-en-oaxaca-la-demanda-social-se-incrementa","status":"publish","type":"post","link":"https:\/\/zonaroja.com.mx\/?p=18008","title":{"rendered":"Protestas y m\u00e1s protestas en Oaxaca, la demanda social se incrementa"},"content":{"rendered":"\n<p>Evlin Arag\u00f3n\/Zona Roja.<\/p>\n\n\n\n<p>Oaxaca de Ju\u00e1rez, Oax., 24 de septiembre de 2020.- Por tercer d\u00eda consecutivo, Oaxaca vivi\u00f3 una ola de marchas, bloqueos y protestas, por parte de organizaciones sociales.<\/p>\n\n\n\n<p>Por la ma\u00f1ana, integrantes del Consejo Ind\u00edgena Popular de Oaxaca \u201cRicardo Flores Mag\u00f3n\u201d (CIPO-RFM) se manifestaron frente a la Casa Oficial, en la avenida Ju\u00e1rez de la capital, para exigir apoyo por parte de las autoridades estatales a las familias damnificadas por las lluvias de este fin de semana en Santiago Jocotepec, municipio de la regi\u00f3n de la Cuenca del Papaloapan.<\/p>\n\n\n\n<p>Ah\u00ed instalaron un \u201cplant\u00f3n\u201d representativo en donde, mujeres provenientes del municipio afectado, solicitaron medidas cautelares por parte de la Defensor\u00eda de los Derechos Humanos del Pueblo de Oaxaca, en beneficio de Maura Mendoza Acevedo, activista agredida por las autoridades de Jocotepec por instalar una cocina comunitaria en apoyo a las familias damnificadas.&nbsp;<\/p>\n\n\n\n<p>As\u00ed mismo, reclamaron la falta de atenci\u00f3n por parte de las autoridades y anunciaron que promovieron medidas cautelares ante la DDHPO para que se atienda de manera integral la problem\u00e1tica que se vive en cuatro de las localidades municipales que resultaron con mayor afectaci\u00f3n por las lluvias en la zona.&nbsp;<\/p>\n\n\n\n<p>\u201cCada a\u00f1o, cada dos a\u00f1os, las autoridades van y vienen y las inundaciones siguen debido a la falta de atenci\u00f3n por parte de las autoridades que s\u00f3lo entregan colchonetas y una que otra despensa cada a\u00f1o, pero que no resuelven de fondo la problem\u00e1tica que origina los da\u00f1os de forma anual\u201d, refiri\u00f3 el representante de CIPO-RFM, Miguel Cruz Moreno.&nbsp;&nbsp;<\/p>\n\n\n\n<p>As\u00ed mismo, denuncio que la atenci\u00f3n integral para Santiago Jocotepec no es nueva, incluso se solicit\u00f3 a la Secretar\u00eda de Salud atenci\u00f3n especial ante la pandemia y otras enfermedades como el dengue, sin que hasta el momento exista un programa de salud para la localidad y sus habitantes.\u00a0<\/p>\n\n\n\n<figure class=\"wp-block-embed-twitter wp-block-embed is-type-rich is-provider-twitter\"><div class=\"wp-block-embed__wrapper\">\n<div class=\"twitter-tweet\"><blockquote class=\"twitter-tweet\" data-lang=\"es\"><p lang=\"es\" dir=\"ltr\"><a href=\"https:\/\/twitter.com\/hashtag\/%C3%9AltimoMinuto?src=hash&amp;ref_src=twsrc%5Etfw\">#\u00daltimoMinuto<\/a> <br>Una en\u00e9sima organizaci\u00f3n social -ahora el CIPO-, bloquea la avenida Ju\u00e1rez de la capital de <a href=\"https:\/\/twitter.com\/hashtag\/Oaxaca?src=hash&amp;ref_src=twsrc%5Etfw\">#Oaxaca<\/a> y la Casa Oficial de Gobierno, para exigir apoyos para damnificados por las lluvias en Santiago <a href=\"https:\/\/twitter.com\/hashtag\/Jocotepec?src=hash&amp;ref_src=twsrc%5Etfw\">#Jocotepec<\/a>, municipio de la regi\u00f3n de la Cuenca del ap\u00e1lpalos pan. <a href=\"https:\/\/t.co\/B3ewdHcn8p\">pic.twitter.com\/B3ewdHcn8p<\/a><\/p>&mdash; Zona Roja Oaxaca (@MexRoja) <a href=\"https:\/\/twitter.com\/MexRoja\/status\/1309168956670980102?ref_src=twsrc%5Etfw\">24 de septiembre de 2020<\/a><\/blockquote><\/div>\n<\/div><\/figure>\n\n\n\n<p>TAMBI\u00c9N LA API<\/p>\n\n\n\n<p>La protesta de habitantes de la Cuenca no fue la \u00fanica, ya que militantes del Partido Unidad Popular y la Asamblea de los Pueblos Ind\u00edgenas (PUP-API) hicieron presencia en las oficinas de la Secretaria de Movilidad (Semovi) para exigir el esclarecimiento de los asesinatos de Heriberto Pazos y Tomas Mart\u00ednez Pinacho.<\/p>\n\n\n\n<p>Se trata de una jornada de protesta que incluye dentro de sus demandas la atenci\u00f3n integral a las familias despojadas y desplazadas de sus predios en los parajes \u201cEl Coquito\u201d, \u201cLos Mangales\u201d y \u201cLomas de Quio\u201d de Santa Cruz Xoxocotl\u00e1n, que pese a la existencia de acuerdos llevan meses sin resolver su situaci\u00f3n.<\/p>\n\n\n\n<p>Uriel D\u00edaz Caballero, representante de la organizaci\u00f3n, se\u00f1al\u00f3 que est\u00e1n hartos que las autoridades los enga\u00f1en y no cumplan con sus promesas, por ello piensan paralizar la ciudad de Oaxaca en los pr\u00f3ximos d\u00edas con sus manifestaciones, que este jueves se centraron en la Semovi para exigir la devoluci\u00f3n de tres unidades retenidas en la Mixteca.<\/p>\n\n\n\n<figure class=\"wp-block-image size-large\"><img decoding=\"async\" width=\"1024\" height=\"461\" src=\"http:\/\/www.zonaroja.com.mx\/wp-content\/uploads\/2020\/09\/Protesta-API-PUP-1024x461.jpg\" alt=\"\" class=\"wp-image-18009\" srcset=\"https:\/\/zonaroja.com.mx\/wp-content\/uploads\/2020\/09\/Protesta-API-PUP-1024x461.jpg 1024w, https:\/\/zonaroja.com.mx\/wp-content\/uploads\/2020\/09\/Protesta-API-PUP-300x135.jpg 300w, https:\/\/zonaroja.com.mx\/wp-content\/uploads\/2020\/09\/Protesta-API-PUP-768x346.jpg 768w, https:\/\/zonaroja.com.mx\/wp-content\/uploads\/2020\/09\/Protesta-API-PUP-1170x527.jpg 1170w, https:\/\/zonaroja.com.mx\/wp-content\/uploads\/2020\/09\/Protesta-API-PUP-585x263.jpg 585w, https:\/\/zonaroja.com.mx\/wp-content\/uploads\/2020\/09\/Protesta-API-PUP.jpg 1280w\" sizes=\"(max-width: 1024px) 100vw, 1024px\" \/><\/figure>\n\n\n\n<p>POR CASO PUEBLA<\/p>\n\n\n\n<p>Y por si fuera poco, militantes de Antorcha Campesina tambi\u00e9n hicieron presencia en el centro de la ciudad, en donde pareciera que no existe la pandemia por Covid-19 debido a la cantidad de persona que se congregan, sin respetar la sana distancia como medida para prevenir el contagio del virus.<\/p>\n\n\n\n<p>Se trat\u00f3 de una acci\u00f3n en respaldo a integrantes de la organizaci\u00f3n que est\u00e1n siendo difamados por el gobierno de Puebla, encabezado por Miguel \u00c1ngel Barbosa, que desde hace semana se\u00f1ala a dirigentes antorchistas de actos il\u00edcitos, lo que ha provocado protestas en varias partes de la Rep\u00fablica.<\/p>\n\n\n\n<p>\u201cBarbosa, escucha. Antorcha en pie de lucha\u201d; \u201cEl antorchismo del Istmo de Tehuantepec est\u00e1 listo para defender a nuestros compa\u00f1eros poblanos\u201d; y \u201cNos solidarizamos con los antorchistas del estado de Puebla\u201d, se pod\u00eda leer en las pancartas que portaban durante la cadena humana que realizaron la ma\u00f1ana de este jueves.&nbsp;<\/p>\n","protected":false},"excerpt":{"rendered":"<p>Evlin Arag\u00f3n\/Zona Roja. Oaxaca de Ju\u00e1rez, Oax., 24 de septiembre de 2020.- Por tercer d\u00eda&hellip;<\/p>\n","protected":false},"author":2,"featured_media":18010,"comment_status":"closed","ping_status":"open","sticky":false,"template":"","format":"standard","meta":{"_lmt_disableupdate":"","_lmt_disable":"","_jetpack_memberships_contains_paid_content":false,"footnotes":""},"categories":[109,47],"tags":[2047],"class_list":["post-18008","post","type-post","status-publish","format-standard","has-post-thumbnail","hentry","category-minuto-a-minuto","category-zona-gris","tag-protestas-sociales-en-oaxaca"],"jetpack_featured_media_url":"https:\/\/zonaroja.com.mx\/wp-content\/uploads\/2020\/09\/Protesta-CIPO-ciudad-de-Oaxaca.png","jetpack_sharing_enabled":true,"_links":{"self":[{"href":"https:\/\/zonaroja.com.mx\/index.php?rest_route=\/wp\/v2\/posts\/18008","targetHints":{"allow":["GET"]}}],"collection":[{"href":"https:\/\/zonaroja.com.mx\/index.php?rest_route=\/wp\/v2\/posts"}],"about":[{"href":"https:\/\/zonaroja.com.mx\/index.php?rest_route=\/wp\/v2\/types\/post"}],"author":[{"embeddable":true,"href":"https:\/\/zonaroja.com.mx\/index.php?rest_route=\/wp\/v2\/users\/2"}],"replies":[{"embeddable":true,"href":"https:\/\/zonaroja.com.mx\/index.php?rest_route=%2Fwp%2Fv2%2Fcomments&post=18008"}],"version-history":[{"count":1,"href":"https:\/\/zonaroja.com.mx\/index.php?rest_route=\/wp\/v2\/posts\/18008\/revisions"}],"predecessor-version":[{"id":18011,"href":"https:\/\/zonaroja.com.mx\/index.php?rest_route=\/wp\/v2\/posts\/18008\/revisions\/18011"}],"wp:featuredmedia":[{"embeddable":true,"href":"https:\/\/zonaroja.com.mx\/index.php?rest_route=\/wp\/v2\/media\/18010"}],"wp:attachment":[{"href":"https:\/\/zonaroja.com.mx\/index.php?rest_route=%2Fwp%2Fv2%2Fmedia&parent=18008"}],"wp:term":[{"taxonomy":"category","embeddable":true,"href":"https:\/\/zonaroja.com.mx\/index.php?rest_route=%2Fwp%2Fv2%2Fcategories&post=18008"},{"taxonomy":"post_tag","embeddable":true,"href":"https:\/\/zonaroja.com.mx\/index.php?rest_route=%2Fwp%2Fv2%2Ftags&post=18008"}],"curies":[{"name":"wp","href":"https:\/\/api.w.org\/{rel}","templated":true}]}}