{"id":1801,"date":"2019-06-24T09:13:37","date_gmt":"2019-06-24T14:13:37","guid":{"rendered":"http:\/\/www.zonaroja.com.mx\/?p=1801"},"modified":"2019-06-24T09:13:39","modified_gmt":"2019-06-24T14:13:39","slug":"confirma-guerrero-captura-de-dos-presuntos-narcos-en-oaxaca","status":"publish","type":"post","link":"https:\/\/zonaroja.com.mx\/?p=1801","title":{"rendered":"Confirma Guerrero captura de dos presuntos \u201cnarcos\u201d en Oaxaca"},"content":{"rendered":"\n<p>Redacci\u00f3n<\/p>\n\n\n\n<p>Oaxaca de Ju\u00e1rez, Oax.- La Fiscal\u00eda General del Estado de Guerrero confirm\u00f3 que personal de esa instituci\u00f3n, en coordinaci\u00f3n con elementos de la Polic\u00eda Estatal y la Fiscal\u00eda de Oaxaca, capturaron en esta entidad a Juan Ulises \u00bb y Gustavo \u00abN\u00bb quienes en Acapulco presuntamente encabezaban el grupo de la delincuencia organizada \u00abLos Virus\u00bb. <\/p>\n\n\n\n<p>La Fiscal\u00eda\ndio ayer una conferencia de prensa en que detall\u00f3 que la aprehensi\u00f3n se efectu\u00f3\nel pasado viernes en un domicilio del municipio de Santa Cruz Xoxocotl\u00e1n; los\nsujetos son se\u00f1alados como los principales generadores de violencia contra\ntransportistas y tortilleros. <\/p>\n\n\n\n<p>Asimismo, est\u00e1n relacionados con delitos de homicidios, secuestros y extorsiones en colonias de la zona suburbana de Acapulco, como Sina\u00ed, Zapata, L\u00e1zaro C\u00e1rdenas, Las Cruces, Villa Madero, Caudillos del Sur y CNC. <\/p>\n\n\n\n<figure class=\"wp-block-embed-twitter wp-block-embed is-type-rich is-provider-twitter\"><div class=\"wp-block-embed__wrapper\">\n<div class=\"twitter-tweet\"><blockquote class=\"twitter-tweet\" data-lang=\"es\"><p lang=\"es\" dir=\"ltr\"><a href=\"https:\/\/twitter.com\/hashtag\/Fiscal%C3%ADa?src=hash&amp;ref_src=twsrc%5Etfw\">#Fiscal\u00eda<\/a> de <a href=\"https:\/\/twitter.com\/hashtag\/Guerrero?src=hash&amp;ref_src=twsrc%5Etfw\">#Guerrero<\/a> en coordinaci\u00f3n con homologa de <a href=\"https:\/\/twitter.com\/FISCALIA_GobOax?ref_src=twsrc%5Etfw\">@FISCALIA_GobOax<\/a> detienen a l\u00edderes del grupo delictivo &quot;Los Virus&quot; que operan en <a href=\"https:\/\/twitter.com\/hashtag\/Acapulco?src=hash&amp;ref_src=twsrc%5Etfw\">#Acapulco<\/a>.<a href=\"https:\/\/t.co\/rISbUDgpVM\">https:\/\/t.co\/rISbUDgpVM<\/a> <a href=\"https:\/\/t.co\/TTNqu2w3rO\">pic.twitter.com\/TTNqu2w3rO<\/a><\/p>&mdash; FGE Guerrero (@FGEGuerrero) <a href=\"https:\/\/twitter.com\/FGEGuerrero\/status\/1142841791873454080?ref_src=twsrc%5Etfw\">23 de junio de 2019<\/a><\/blockquote><\/div>\n<\/div><\/figure>\n\n\n\n<p>Detall\u00f3 que\ncon la detenci\u00f3n de Juan Ulises, \u00abVirus 1\u00bb, y Gustavo, \u00abVirus\n2\u00bb, se espera que haya retorne un poco de calma; ambos fueron encarcelados\nen penal de Las Cruces. <\/p>\n\n\n\n<p>Dijo que a los\ndetenidos se les aseguraron tel\u00e9fonos celulares de diferentes marcas y modelos,\ntambi\u00e9n qued\u00f3 asegurado el inmueble en raz\u00f3n de que se encontraron altares a\ndiversos santos en donde se utilizaban al parecer huesos humanos para rituales,\nmismos que fueron puestos a disposici\u00f3n de la Fiscal\u00eda de Oaxaca.<\/p>\n","protected":false},"excerpt":{"rendered":"<p>Redacci\u00f3n Oaxaca de Ju\u00e1rez, Oax.- La Fiscal\u00eda General del Estado de Guerrero confirm\u00f3 que personal&hellip;<\/p>\n","protected":false},"author":2,"featured_media":1802,"comment_status":"closed","ping_status":"open","sticky":false,"template":"","format":"standard","meta":{"_lmt_disableupdate":"","_lmt_disable":"","_jetpack_memberships_contains_paid_content":false,"footnotes":""},"categories":[109,51],"tags":[80],"class_list":["post-1801","post","type-post","status-publish","format-standard","has-post-thumbnail","hentry","category-minuto-a-minuto","category-zona-roja","tag-guerrero"],"jetpack_featured_media_url":"https:\/\/zonaroja.com.mx\/wp-content\/uploads\/2019\/06\/Guerrero.jpg","jetpack_sharing_enabled":true,"_links":{"self":[{"href":"https:\/\/zonaroja.com.mx\/index.php?rest_route=\/wp\/v2\/posts\/1801","targetHints":{"allow":["GET"]}}],"collection":[{"href":"https:\/\/zonaroja.com.mx\/index.php?rest_route=\/wp\/v2\/posts"}],"about":[{"href":"https:\/\/zonaroja.com.mx\/index.php?rest_route=\/wp\/v2\/types\/post"}],"author":[{"embeddable":true,"href":"https:\/\/zonaroja.com.mx\/index.php?rest_route=\/wp\/v2\/users\/2"}],"replies":[{"embeddable":true,"href":"https:\/\/zonaroja.com.mx\/index.php?rest_route=%2Fwp%2Fv2%2Fcomments&post=1801"}],"version-history":[{"count":1,"href":"https:\/\/zonaroja.com.mx\/index.php?rest_route=\/wp\/v2\/posts\/1801\/revisions"}],"predecessor-version":[{"id":1803,"href":"https:\/\/zonaroja.com.mx\/index.php?rest_route=\/wp\/v2\/posts\/1801\/revisions\/1803"}],"wp:featuredmedia":[{"embeddable":true,"href":"https:\/\/zonaroja.com.mx\/index.php?rest_route=\/wp\/v2\/media\/1802"}],"wp:attachment":[{"href":"https:\/\/zonaroja.com.mx\/index.php?rest_route=%2Fwp%2Fv2%2Fmedia&parent=1801"}],"wp:term":[{"taxonomy":"category","embeddable":true,"href":"https:\/\/zonaroja.com.mx\/index.php?rest_route=%2Fwp%2Fv2%2Fcategories&post=1801"},{"taxonomy":"post_tag","embeddable":true,"href":"https:\/\/zonaroja.com.mx\/index.php?rest_route=%2Fwp%2Fv2%2Ftags&post=1801"}],"curies":[{"name":"wp","href":"https:\/\/api.w.org\/{rel}","templated":true}]}}