{"id":18014,"date":"2020-09-24T21:34:40","date_gmt":"2020-09-25T02:34:40","guid":{"rendered":"http:\/\/www.zonaroja.com.mx\/?p=18014"},"modified":"2020-09-24T21:34:43","modified_gmt":"2020-09-25T02:34:43","slug":"rebasa-oaxaca-los-16-mil-casos-de-covid-hoy-227-contagiados","status":"publish","type":"post","link":"https:\/\/zonaroja.com.mx\/?p=18014","title":{"rendered":"Rebasa Oaxaca los 16 mil casos de Covid; hoy, 227 contagiados"},"content":{"rendered":"\n<p>Redacci\u00f3n\/Zona Roja.<\/p>\n\n\n\n<p>Oaxaca de Ju\u00e1rez, Oax., 24 de septiembre de 2020.- Los Servicios de Salud de Oaxaca (SSO) informaron que la entidad alcanz\u00f3 los 16 mil 157 contagios acumulados de Covid-19 y mil 420 defunciones, por lo que hay un incremento de 227 casos nuevos en 75 municipios y ocho decesos, en comparaci\u00f3n del informe epidemiol\u00f3gico de ayer.<\/p>\n\n\n\n<p>En un comunicado la dependencia estatal, destac\u00f3 que este 24 de septiembre se han notificado 642 casos activos, es decir, que se contagiaron en los \u00faltimos 14 d\u00edas y actualmente pueden transmitir el virus a otras personas.<\/p>\n\n\n\n<p>Indic\u00f3 que se tiene un global de siete mil 059 personas que han dado negativo a la prueba para la detecci\u00f3n del padecimiento, 748 est\u00e1n como sospechosos y hay un total de 14 mil 095 pacientes que se han recuperado de la enfermedad.<\/p>\n\n\n\n<figure class=\"wp-block-embed-twitter wp-block-embed is-type-rich is-provider-twitter\"><div class=\"wp-block-embed__wrapper\">\n<div class=\"twitter-tweet\"><blockquote class=\"twitter-tweet\" data-lang=\"es\"><p lang=\"es\" dir=\"ltr\">La responsabilidad en el autocuidado de la <a href=\"https:\/\/twitter.com\/hashtag\/Salud?src=hash&amp;ref_src=twsrc%5Etfw\">#Salud<\/a>, es el mejor escudo contra el <a href=\"https:\/\/twitter.com\/hashtag\/COVID19?src=hash&amp;ref_src=twsrc%5Etfw\">#COVID19<\/a>.<a href=\"https:\/\/twitter.com\/hashtag\/NoBajemosLaGuardia?src=hash&amp;ref_src=twsrc%5Etfw\">#NoBajemosLaGuardia<\/a>, recuerda seguir utilizando <a href=\"https:\/\/twitter.com\/hashtag\/Cubrebocas?src=hash&amp;ref_src=twsrc%5Etfw\">#Cubrebocas<\/a>, evita salir de tu hogar si no es necesario, si debes hacerlo, mant\u00e9n <a href=\"https:\/\/twitter.com\/hashtag\/SanaDistancia?src=hash&amp;ref_src=twsrc%5Etfw\">#SanaDistancia<\/a> y l\u00e1vate frecuentemente las manos. <a href=\"https:\/\/t.co\/VD7TIIIUAy\">pic.twitter.com\/VD7TIIIUAy<\/a><\/p>&mdash; Servicios de Salud (@SSO_GobOax) <a href=\"https:\/\/twitter.com\/SSO_GobOax\/status\/1309302452391309312?ref_src=twsrc%5Etfw\">25 de septiembre de 2020<\/a><\/blockquote><\/div>\n<\/div><\/figure>\n\n\n\n<p>Se\u00f1al\u00f3 que en la Jurisdicci\u00f3n Sanitaria de Valles Centrales se mantiene como zona con el mayor n\u00famero de contagios reportados cada 24 horas, a la fecha tiene un acumulado de 10 mil 788 contagios, de esta cifra, est\u00e1n activos 440, adem\u00e1s es el primer lugar en cuanto a incidencia de mortalidad con 685 fallecimientos.<\/p>\n\n\n\n<p>Seguido de Tuxtepec con un global de mil 676 pacientes, de los cuales 21 son activos y 242 decesos; mientras que el Istmo report\u00f3 mil 614 confirmados, 28 activos y 277 perdidas fatales; la Mixteca con mil 034, 72 activos y 99 muertes; Costa con 716, 48 activos y 75 fallecimientos, y por \u00faltimo la Sierra donde se contabiliz\u00f3 329 contagios, de estos 33 son activos y 42 personas han perdido la vida.<\/p>\n\n\n\n<p>Recalc\u00f3 que este jueves la red hospitalaria en la entidad presenta el 35% de ocupaci\u00f3n de camas, de esta cifra el 44.7% corresponde a camas sin ventilador y el 18.9% con asistencia ventilatoria mec\u00e1nica.<\/p>\n","protected":false},"excerpt":{"rendered":"<p>Redacci\u00f3n\/Zona Roja. Oaxaca de Ju\u00e1rez, Oax., 24 de septiembre de 2020.- Los Servicios de Salud&hellip;<\/p>\n","protected":false},"author":2,"featured_media":18015,"comment_status":"closed","ping_status":"open","sticky":false,"template":"","format":"standard","meta":{"_lmt_disableupdate":"","_lmt_disable":"","_jetpack_memberships_contains_paid_content":false,"footnotes":""},"categories":[109,47],"tags":[1512],"class_list":["post-18014","post","type-post","status-publish","format-standard","has-post-thumbnail","hentry","category-minuto-a-minuto","category-zona-gris","tag-coronavirus-oaxaca"],"jetpack_featured_media_url":"https:\/\/zonaroja.com.mx\/wp-content\/uploads\/2020\/09\/SSO-2-1-1.jpeg","jetpack_sharing_enabled":true,"_links":{"self":[{"href":"https:\/\/zonaroja.com.mx\/index.php?rest_route=\/wp\/v2\/posts\/18014","targetHints":{"allow":["GET"]}}],"collection":[{"href":"https:\/\/zonaroja.com.mx\/index.php?rest_route=\/wp\/v2\/posts"}],"about":[{"href":"https:\/\/zonaroja.com.mx\/index.php?rest_route=\/wp\/v2\/types\/post"}],"author":[{"embeddable":true,"href":"https:\/\/zonaroja.com.mx\/index.php?rest_route=\/wp\/v2\/users\/2"}],"replies":[{"embeddable":true,"href":"https:\/\/zonaroja.com.mx\/index.php?rest_route=%2Fwp%2Fv2%2Fcomments&post=18014"}],"version-history":[{"count":1,"href":"https:\/\/zonaroja.com.mx\/index.php?rest_route=\/wp\/v2\/posts\/18014\/revisions"}],"predecessor-version":[{"id":18016,"href":"https:\/\/zonaroja.com.mx\/index.php?rest_route=\/wp\/v2\/posts\/18014\/revisions\/18016"}],"wp:featuredmedia":[{"embeddable":true,"href":"https:\/\/zonaroja.com.mx\/index.php?rest_route=\/wp\/v2\/media\/18015"}],"wp:attachment":[{"href":"https:\/\/zonaroja.com.mx\/index.php?rest_route=%2Fwp%2Fv2%2Fmedia&parent=18014"}],"wp:term":[{"taxonomy":"category","embeddable":true,"href":"https:\/\/zonaroja.com.mx\/index.php?rest_route=%2Fwp%2Fv2%2Fcategories&post=18014"},{"taxonomy":"post_tag","embeddable":true,"href":"https:\/\/zonaroja.com.mx\/index.php?rest_route=%2Fwp%2Fv2%2Ftags&post=18014"}],"curies":[{"name":"wp","href":"https:\/\/api.w.org\/{rel}","templated":true}]}}