{"id":18017,"date":"2020-09-25T08:00:43","date_gmt":"2020-09-25T13:00:43","guid":{"rendered":"http:\/\/www.zonaroja.com.mx\/?p=18017"},"modified":"2020-09-24T21:57:56","modified_gmt":"2020-09-25T02:57:56","slug":"labora-personal-judicial-del-istmo-en-condiciones-dignas-con-nueva-sede","status":"publish","type":"post","link":"https:\/\/zonaroja.com.mx\/?p=18017","title":{"rendered":"Labora personal judicial del Istmo en condiciones dignas, con nueva sede"},"content":{"rendered":"\n<p>Redacci\u00f3n\/Zona Roja.<\/p>\n\n\n\n<p>Oaxaca de Ju\u00e1rez, Oax., 24 de septiembre de 2020.- El Poder Judicial de Oaxaca impulsa diversas obras de infraestructura para dignificar la labor jurisdiccional en todo el territorio estatal, bajo la premisa de que un entorno adecuado favorece condiciones para el acceso a la justicia de los ciudadanos y un mejor desempe\u00f1o de las y los servidores judiciales.<\/p>\n\n\n\n<p>Como parte de estas acciones, a partir del 1 de septiembre del presente a\u00f1o los juzgados de Control, Penal, Primero y Segundo Familiar, y Primero Civil de Juchit\u00e1n, cambiaron su sede al Centro de Justicia del Istmo, ubicado en el Pol\u00edgono n\u00famero 5, del Parque Regional \u201cEx Ingenio\u201d, en el municipio de El Espinal.<\/p>\n\n\n\n<p>En entrevista, la jueza Primero Familiar de Juchit\u00e1n, licenciada Miroslava Echeverr\u00eda Sierra coment\u00f3 que el contar con instalaciones adecuadas, \u00e1reas para escucha de ni\u00f1os, ni\u00f1as y adolescentes como parte de los procedimientos jurisdiccionales, contribuyen en la promoci\u00f3n, respeto, protecci\u00f3n y garant\u00eda del derecho a la seguridad jur\u00eddica y debido proceso.<\/p>\n\n\n\n<p>\u201cTenemos que garantizar ese derecho que le asiste a las mujeres y a los hombres, as\u00ed como a los abogados litigantes. Como sabemos, ante la pandemia es importante cuidar la sana distancia. El Poder Judicial se ha esforzado por tener instalaciones adecuadas que nos garanticen un mejor acceso a la justicia\u201d, enfatiz\u00f3.<\/p>\n\n\n\n<p>Por otra parte, indic\u00f3 que las actividades en el juzgado han continuado con apego a los protocolos establecidos y haciendo uso de la tecnolog\u00eda para la atenci\u00f3n mediante videoconferencias o v\u00eda electr\u00f3nica, ya que como lo ha manifestado el magistrado presidente Eduardo Pinacho S\u00e1nchez, la prioridad es la salud y la vida.<\/p>\n\n\n\n<p>\u201cSabemos de las necesidades que tienen los abogados, pero es importante tambi\u00e9n cuidarnos todos. Iremos construyendo un mejor camino para la ciudadan\u00eda; estamos trabajando para que los acuerdos vayan saliendo. En la instituci\u00f3n velamos por hacer justicia pero debemos tener tambi\u00e9n en cuenta los protocolos de sanidad\u201d, dijo.<\/p>\n\n\n\n<p>En el Poder Judicial del Estado desde inicios de este a\u00f1o se iniciaron una serie de obras y remodelaciones con el fin de mejorar la atenci\u00f3n a la ciudadan\u00eda, entre las cuales ya se concluyeron la rehabilitaci\u00f3n integral del edificio sede de los Juzgados Civiles y Familiares del Centro, en la ciudad de Oaxaca, un espacio emblem\u00e1tico que fue equipado con moderna tecnolog\u00eda.<\/p>\n\n\n\n<p>Tambi\u00e9n, las salas de Oralidad Mercantil en Huajuapan de Le\u00f3n, Salina Cruz y Huatulco y el Centro de Justicia en Ejutla de Crespo, resultado de la transparencia y manejo eficiente de los recursos.<\/p>\n","protected":false},"excerpt":{"rendered":"<p>Redacci\u00f3n\/Zona Roja. Oaxaca de Ju\u00e1rez, Oax., 24 de septiembre de 2020.- El Poder Judicial de&hellip;<\/p>\n","protected":false},"author":2,"featured_media":18018,"comment_status":"closed","ping_status":"open","sticky":false,"template":"","format":"standard","meta":{"_lmt_disableupdate":"","_lmt_disable":"","_jetpack_memberships_contains_paid_content":false,"footnotes":""},"categories":[109,46],"tags":[223],"class_list":["post-18017","post","type-post","status-publish","format-standard","has-post-thumbnail","hentry","category-minuto-a-minuto","category-zona-blanca","tag-poder-judicial-de-oaxaca"],"jetpack_featured_media_url":"https:\/\/zonaroja.com.mx\/wp-content\/uploads\/2020\/09\/01-JUEZA-FAMILIAR-JUCHITAN2.jpg","jetpack_sharing_enabled":true,"_links":{"self":[{"href":"https:\/\/zonaroja.com.mx\/index.php?rest_route=\/wp\/v2\/posts\/18017","targetHints":{"allow":["GET"]}}],"collection":[{"href":"https:\/\/zonaroja.com.mx\/index.php?rest_route=\/wp\/v2\/posts"}],"about":[{"href":"https:\/\/zonaroja.com.mx\/index.php?rest_route=\/wp\/v2\/types\/post"}],"author":[{"embeddable":true,"href":"https:\/\/zonaroja.com.mx\/index.php?rest_route=\/wp\/v2\/users\/2"}],"replies":[{"embeddable":true,"href":"https:\/\/zonaroja.com.mx\/index.php?rest_route=%2Fwp%2Fv2%2Fcomments&post=18017"}],"version-history":[{"count":1,"href":"https:\/\/zonaroja.com.mx\/index.php?rest_route=\/wp\/v2\/posts\/18017\/revisions"}],"predecessor-version":[{"id":18019,"href":"https:\/\/zonaroja.com.mx\/index.php?rest_route=\/wp\/v2\/posts\/18017\/revisions\/18019"}],"wp:featuredmedia":[{"embeddable":true,"href":"https:\/\/zonaroja.com.mx\/index.php?rest_route=\/wp\/v2\/media\/18018"}],"wp:attachment":[{"href":"https:\/\/zonaroja.com.mx\/index.php?rest_route=%2Fwp%2Fv2%2Fmedia&parent=18017"}],"wp:term":[{"taxonomy":"category","embeddable":true,"href":"https:\/\/zonaroja.com.mx\/index.php?rest_route=%2Fwp%2Fv2%2Fcategories&post=18017"},{"taxonomy":"post_tag","embeddable":true,"href":"https:\/\/zonaroja.com.mx\/index.php?rest_route=%2Fwp%2Fv2%2Ftags&post=18017"}],"curies":[{"name":"wp","href":"https:\/\/api.w.org\/{rel}","templated":true}]}}