{"id":18020,"date":"2020-09-25T09:00:58","date_gmt":"2020-09-25T14:00:58","guid":{"rendered":"http:\/\/www.zonaroja.com.mx\/?p=18020"},"modified":"2020-09-24T22:03:19","modified_gmt":"2020-09-25T03:03:19","slug":"demanda-congreso-de-oaxaca-retorno-seguro-del-personal-de-salud-a-sus-labores","status":"publish","type":"post","link":"https:\/\/zonaroja.com.mx\/?p=18020","title":{"rendered":"Demanda Congreso de Oaxaca retorno seguro del personal de salud a sus labores"},"content":{"rendered":"\n<p>Yuridiana Sosa\/Zona Roja.<\/p>\n\n\n\n<p>Oaxaca de Ju\u00e1rez, Oax., 25 de septiembre de 2020.- La 64 Legislatura del Congreso de Oaxaca aprob\u00f3 este mi\u00e9rcoles dos exhortos por los que se llam\u00f3 a los Servicios de Salud de Oaxaca (SSO) garantizar la integridad de sus trabajadores frente a una posible reintegraci\u00f3n centros laborales, as\u00ed como a surtir de medicamentos, equipos de protecci\u00f3n y contrataciones.<\/p>\n\n\n\n<p>A trav\u00e9s de un dictamen con proyecto de acuerdo, los diputados aprobaron con 27 votos un exhorto al titular de la Secretar\u00eda de Salud y el director general de los Servicios de Salud de Oaxaca, a que vigile y supervise el retorno a las actividades del personal m\u00e9dico, enfermer\u00eda, auxiliares y administrativos que por decreto se ausentaron.<\/p>\n\n\n\n<p>El pasado 3 de septiembre, la Comisi\u00f3n Permanente de Salud de la 64 Legislatura local se reuni\u00f3 con el titular de los Servicios de Salud, Donato Casas Escamilla donde se propuso reinstalar en sus labores al personal que se ausent\u00f3 por la contingencia por formar parte de los grupos vulnerables.<\/p>\n\n\n\n<p>La decisi\u00f3n deriv\u00f3 ante el pasado cambio a sem\u00e1foro epidemiol\u00f3gico color amarillo, por lo que hab\u00edan considerado prudente retomar la atenci\u00f3n general a pacientes con todo tipo de enfermedades al interior de los 25 hospitales destinados a la atenci\u00f3n del nuevo coronavirus, inform\u00f3 en su momento el diputado C\u00e9sar Morales Ni\u00f1o.<\/p>\n\n\n\n<p>Ante su retorno, el personal ausente deber\u00eda demostrar padecer algunos de los padecimientos o condici\u00f3n de salud que el decreto determin\u00f3 para que permanecieran fuera de sus actividades en medio de la contingencia.<\/p>\n\n\n\n<p>En sesi\u00f3n de este mi\u00e9rcoles, el Congreso de Oaxaca tambi\u00e9n aprob\u00f3 con 27 votos, exhortar al titular de SSO en Oaxaca, al delegado estatal del Instituto de Seguridad y Servicios Sociales de los Trabajadores del Estado en Oaxaca (ISSSTE) y el delegado estatal del Instituto Mexicano del Seguro Social (IMSS) en Oaxaca.<\/p>\n\n\n\n<p>A propuesta de las Comisiones Permanentes Unidas de Trabajo y Seguridad Social y de Salud, el pleno de la 64 legislatura acord\u00f3 emitir un llamado para dichas instituciones a fin de que cubran las vacantes del personal m\u00e9dico con licencia, as\u00ed como abastezcan del&nbsp; cuadro b\u00e1sico de medicamentos y equipo de protecci\u00f3n para garantizar el derecho a la salud de los oaxaque\u00f1os.<\/p>\n","protected":false},"excerpt":{"rendered":"<p>Yuridiana Sosa\/Zona Roja. Oaxaca de Ju\u00e1rez, Oax., 25 de septiembre de 2020.- La 64 Legislatura&hellip;<\/p>\n","protected":false},"author":2,"featured_media":18021,"comment_status":"closed","ping_status":"open","sticky":false,"template":"","format":"standard","meta":{"_lmt_disableupdate":"","_lmt_disable":"","_jetpack_memberships_contains_paid_content":false,"footnotes":""},"categories":[109,46],"tags":[213],"class_list":["post-18020","post","type-post","status-publish","format-standard","has-post-thumbnail","hentry","category-minuto-a-minuto","category-zona-blanca","tag-64-legislatura-de-oaxaca"],"jetpack_featured_media_url":"https:\/\/zonaroja.com.mx\/wp-content\/uploads\/2020\/09\/Sesion-Congreso-de-Oaxaca.jpg","jetpack_sharing_enabled":true,"_links":{"self":[{"href":"https:\/\/zonaroja.com.mx\/index.php?rest_route=\/wp\/v2\/posts\/18020","targetHints":{"allow":["GET"]}}],"collection":[{"href":"https:\/\/zonaroja.com.mx\/index.php?rest_route=\/wp\/v2\/posts"}],"about":[{"href":"https:\/\/zonaroja.com.mx\/index.php?rest_route=\/wp\/v2\/types\/post"}],"author":[{"embeddable":true,"href":"https:\/\/zonaroja.com.mx\/index.php?rest_route=\/wp\/v2\/users\/2"}],"replies":[{"embeddable":true,"href":"https:\/\/zonaroja.com.mx\/index.php?rest_route=%2Fwp%2Fv2%2Fcomments&post=18020"}],"version-history":[{"count":1,"href":"https:\/\/zonaroja.com.mx\/index.php?rest_route=\/wp\/v2\/posts\/18020\/revisions"}],"predecessor-version":[{"id":18022,"href":"https:\/\/zonaroja.com.mx\/index.php?rest_route=\/wp\/v2\/posts\/18020\/revisions\/18022"}],"wp:featuredmedia":[{"embeddable":true,"href":"https:\/\/zonaroja.com.mx\/index.php?rest_route=\/wp\/v2\/media\/18021"}],"wp:attachment":[{"href":"https:\/\/zonaroja.com.mx\/index.php?rest_route=%2Fwp%2Fv2%2Fmedia&parent=18020"}],"wp:term":[{"taxonomy":"category","embeddable":true,"href":"https:\/\/zonaroja.com.mx\/index.php?rest_route=%2Fwp%2Fv2%2Fcategories&post=18020"},{"taxonomy":"post_tag","embeddable":true,"href":"https:\/\/zonaroja.com.mx\/index.php?rest_route=%2Fwp%2Fv2%2Ftags&post=18020"}],"curies":[{"name":"wp","href":"https:\/\/api.w.org\/{rel}","templated":true}]}}