{"id":18032,"date":"2020-09-25T15:37:50","date_gmt":"2020-09-25T20:37:50","guid":{"rendered":"http:\/\/www.zonaroja.com.mx\/?p=18032"},"modified":"2020-09-25T15:38:00","modified_gmt":"2020-09-25T20:38:00","slug":"atacan-a-policia-municipal-de-xoxocotlan-muere-en-la-capital-camino-al-hospital","status":"publish","type":"post","link":"https:\/\/zonaroja.com.mx\/?p=18032","title":{"rendered":"Atacan a polic\u00eda municipal de Xoxocotl\u00e1n; muere en la capital camino al hospital"},"content":{"rendered":"\n<p>Redacci\u00f3n\/Zona Roja Oaxaca<\/p>\n\n\n\n<p>Oaxaca de Ju\u00e1rez, Oax., 25 de septiembre de 2020.- Un elemento de la Polic\u00eda Municipal de Santa Cruz Xoxocotl\u00e1n fue atacado presuntamente con arma blanca la ma\u00f1ana de este viernes, mientras realizaba su labor.<\/p>\n\n\n\n<p>De acuerdo con los reportes preliminares, el uniformado fue agredido por un presunto delincuente a quienes intentaban detener los elementos municipales en calles del centro de ese municipio conurbado a la capital.<\/p>\n\n\n\n<p>El sujeto hiri\u00f3 de gravedad al polic\u00eda en la zona tor\u00e1cica, lo cual de forma inmediata complic\u00f3 su estado de salud, por lo que perdi\u00f3 la vida mientras era trasladado en ambulancia a un hospital en la capital.<\/p>\n\n\n\n<p>El cuerpo de param\u00e9dicos detuvo su trayecto en la calle prolongaci\u00f3n de Xicot\u00e9ncatl, a pocos metros del Perif\u00e9rico, donde la zona fue acordonada.<\/p>\n\n\n\n<figure class=\"wp-block-embed-twitter wp-block-embed is-type-rich is-provider-twitter\"><div class=\"wp-block-embed__wrapper\">\n<div class=\"twitter-tweet\"><blockquote class=\"twitter-tweet\" data-lang=\"es\"><p lang=\"es\" dir=\"ltr\"><a href=\"https:\/\/twitter.com\/hashtag\/%C3%9AltimoMinuto?src=hash&amp;ref_src=twsrc%5Etfw\">#\u00daltimoMinuto<\/a> <br>Un elemento de la polic\u00eda municipal de Santa Cruz <a href=\"https:\/\/twitter.com\/hashtag\/Xoxocotl%C3%A1n?src=hash&amp;ref_src=twsrc%5Etfw\">#Xoxocotl\u00e1n<\/a> fue atacado a balazos esta ma\u00f1ana fuera de un plantel de preescolar. <br> Muri\u00f3 en la calle Xicot\u00e9ncatl de la ciudad de <a href=\"https:\/\/twitter.com\/hashtag\/Oaxaca?src=hash&amp;ref_src=twsrc%5Etfw\">#Oaxaca<\/a> cuando era trasladado a un hospital a bordo de una ambulancia. <a href=\"https:\/\/t.co\/YtAtoJadgy\">pic.twitter.com\/YtAtoJadgy<\/a><\/p>&mdash; Zona Roja Oaxaca (@MexRoja) <a href=\"https:\/\/twitter.com\/MexRoja\/status\/1309537714547683330?ref_src=twsrc%5Etfw\">25 de septiembre de 2020<\/a><\/blockquote><\/div>\n<\/div><\/figure>\n\n\n\n<p>El presidente municipal de Santa Cruz Xoxocotl\u00e1n confirm\u00f3 el evento a trav\u00e9s de su cuenta de twitter:<\/p>\n\n\n\n<p>\u201cNuestro compa\u00f1ero Alberto Ram\u00edrez Cort\u00e9s, en cumplimiento de su deber perdi\u00f3 la vida al enfrentar a un delincuente. El agresor ha sido detenido, responde al nombre de Javier N. y tiene domicilio en la ciudad de Tlaxiaco\u201d.<\/p>\n\n\n\n<p>As\u00ed tambi\u00e9n dijo que pedir\u00e1n \u201ca la Fiscal\u00eda General del Estado todo el peso de la ley. A la familia les expreso mis condolencias y todo el apoyo de nuestra administraci\u00f3n\u201d.<\/p>\n\n\n\n<p>Hasta el momento se desconocen los motivos por los cuales fue agredido el uniformado.<\/p>\n","protected":false},"excerpt":{"rendered":"<p>Redacci\u00f3n\/Zona Roja Oaxaca Oaxaca de Ju\u00e1rez, Oax., 25 de septiembre de 2020.- Un elemento de&hellip;<\/p>\n","protected":false},"author":2,"featured_media":18033,"comment_status":"closed","ping_status":"open","sticky":false,"template":"","format":"standard","meta":{"_lmt_disableupdate":"","_lmt_disable":"","_jetpack_memberships_contains_paid_content":false,"footnotes":""},"categories":[109,51],"tags":[2049,133],"class_list":["post-18032","post","type-post","status-publish","format-standard","has-post-thumbnail","hentry","category-minuto-a-minuto","category-zona-roja","tag-matan-a-policia-municipal-de-xoxocotlan","tag-santa-cruz-xoxocotlan"],"jetpack_featured_media_url":"https:\/\/zonaroja.com.mx\/wp-content\/uploads\/2020\/09\/Policia-asesinado-Xoxocotlan.jpg","jetpack_sharing_enabled":true,"_links":{"self":[{"href":"https:\/\/zonaroja.com.mx\/index.php?rest_route=\/wp\/v2\/posts\/18032","targetHints":{"allow":["GET"]}}],"collection":[{"href":"https:\/\/zonaroja.com.mx\/index.php?rest_route=\/wp\/v2\/posts"}],"about":[{"href":"https:\/\/zonaroja.com.mx\/index.php?rest_route=\/wp\/v2\/types\/post"}],"author":[{"embeddable":true,"href":"https:\/\/zonaroja.com.mx\/index.php?rest_route=\/wp\/v2\/users\/2"}],"replies":[{"embeddable":true,"href":"https:\/\/zonaroja.com.mx\/index.php?rest_route=%2Fwp%2Fv2%2Fcomments&post=18032"}],"version-history":[{"count":1,"href":"https:\/\/zonaroja.com.mx\/index.php?rest_route=\/wp\/v2\/posts\/18032\/revisions"}],"predecessor-version":[{"id":18034,"href":"https:\/\/zonaroja.com.mx\/index.php?rest_route=\/wp\/v2\/posts\/18032\/revisions\/18034"}],"wp:featuredmedia":[{"embeddable":true,"href":"https:\/\/zonaroja.com.mx\/index.php?rest_route=\/wp\/v2\/media\/18033"}],"wp:attachment":[{"href":"https:\/\/zonaroja.com.mx\/index.php?rest_route=%2Fwp%2Fv2%2Fmedia&parent=18032"}],"wp:term":[{"taxonomy":"category","embeddable":true,"href":"https:\/\/zonaroja.com.mx\/index.php?rest_route=%2Fwp%2Fv2%2Fcategories&post=18032"},{"taxonomy":"post_tag","embeddable":true,"href":"https:\/\/zonaroja.com.mx\/index.php?rest_route=%2Fwp%2Fv2%2Ftags&post=18032"}],"curies":[{"name":"wp","href":"https:\/\/api.w.org\/{rel}","templated":true}]}}