{"id":18037,"date":"2020-09-25T16:26:45","date_gmt":"2020-09-25T21:26:45","guid":{"rendered":"http:\/\/www.zonaroja.com.mx\/?p=18037"},"modified":"2020-09-25T16:26:49","modified_gmt":"2020-09-25T21:26:49","slug":"a-un-ano-de-la-despenalizacion-del-aborto-piden-que-se-haga-efectivo-derecho-a-decidir","status":"publish","type":"post","link":"https:\/\/zonaroja.com.mx\/?p=18037","title":{"rendered":"A un a\u00f1o de la despenalizaci\u00f3n del aborto, piden que se haga efectivo derecho a decidir"},"content":{"rendered":"\n<p>Evlin Arag\u00f3n\/Zona Roja.<\/p>\n\n\n\n<p>Oaxaca de Ju\u00e1rez, Oax., 25 de septiembre de 2020.- Diversos colectivos feministas y simpatizantes de la denominada \u201cMarea Verde\u201d, exigieron a las autoridades del gobierno de Oaxaca, garantizar que las mujeres puedan interrumpir embarazos no deseados, previo a las 12 semanas de gestaci\u00f3n, en condiciones dignas y seguras, sin dilaci\u00f3n ni objeciones, dando cumplimiento cabal a la ley.<\/p>\n\n\n\n<p>Lo anterior a un a\u00f1o de que el Congreso local aprob\u00f3 con 24 votos a favor la reforma al C\u00f3digo Penal y dio paso a la despenalizaci\u00f3n del aborto con la intenci\u00f3n que las mujeres dejaran de ser tratadas como criminales por ejercer el derecho a decidir sobre su propio cuerpo, demanda del movimiento feminista desde hace a varios a\u00f1os.<\/p>\n\n\n\n<p>Y es que de acuerdo con las activistas, las modificaciones a la ley no se han traducido en acciones por parte de las autoridades del sector salud que mantienen una negativa recurrente para atender embarazos no deseados antes de las 12 semanas de gestaci\u00f3n, como qued\u00f3 estipulado en la reforma a los art\u00edculos 312, 313, 315 y 316 del C\u00f3digo Penal del estado.&nbsp;<\/p>\n\n\n\n<p>La negativa ha llegado al punto de presentar una iniciativa de ley para la Objeci\u00f3n de Conciencia M\u00e9dica, con la cual pretenden negarse a garantizar el acceso al aborto seguro en hospitales p\u00fablicos, incluso por el atenuante de violaci\u00f3n, ignorando que la NOM-046 vigente.&nbsp;<\/p>\n\n\n\n<p>Lo anterior representa una violaci\u00f3n a los derechos de las mujeres y contribuye en la permanencia del estigma social hacia quienes deciden interrumpir su embarazo, de lo cual responsabilizaron a las autoridades ya que han evidenciado un nulo inter\u00e9s por respetar y hacer respetar un derecho que ya fue reconocido, adem\u00e1s de dar cabida a grupos empresariales, religiosos y pol\u00edticos que se oponen al mismo.&nbsp;<\/p>\n\n\n\n<p>\u201cEstos grupos mis\u00f3ginos, enemigos de las mujeres ya que promueven ignorancia y desconocimiento disfrazados de creencias religiosas para mantener los privilegios que ejercen el Estado patriarcal y la sociedad machista cuando se trata de controlar la sexualidad de las mujeres, esto inclusive cuando el derecho nos protege\u201d, refirieron en un comunicado.&nbsp;<\/p>\n\n\n\n<p>Por lo anterior, exigieron que se garantice la interrupci\u00f3n legal del embarazo en condiciones dignas y seguras; incorporar la educaci\u00f3n sexual integral desde la educaci\u00f3n b\u00e1sica y hasta media superior basada en contenidos cient\u00edficos; as\u00ed como financiar programas de distribuci\u00f3n gratuita de m\u00e9todos anticonceptivos que permitan reducir las cifras de embarazo adolescente.<\/p>\n\n\n\n<p>De igual forma, difundir informaci\u00f3n sobre la despenalizaci\u00f3n del aborto tomando en cuenta los contextos urbanos y rurales; emprender campa\u00f1as con perspectiva de g\u00e9nero para contrarrestar el estigma social del aborto que debe ser visto como un asunto de salud p\u00fablica y justicia social.<\/p>\n\n\n\n<p>De manera particular, solicitaron que el sistema de salud de Oaxaca brinde atenci\u00f3n \u00e9tica y confidencial, libre de estigmas, prejuicios y discriminaci\u00f3n de cualquier tipo; as\u00ed como designar como obligatorio que el personal m\u00e9dico y de salud atienda a mujeres que deciden interrumpir embarazos no deseados y les garanticen un servicio gratuito, seguro y libre.<\/p>\n\n\n\n<p>Finalmente, recordaron que el Estado es laico y por tanto no debe tolerar la intromisi\u00f3n de grupos antiderechos, representados por partidos pol\u00edticos y organizaciones religiosas que se oponen a los derechos de las mujeres y la disidencia sexual.<\/p>\n","protected":false},"excerpt":{"rendered":"<p>Evlin Arag\u00f3n\/Zona Roja. Oaxaca de Ju\u00e1rez, Oax., 25 de septiembre de 2020.- Diversos colectivos feministas&hellip;<\/p>\n","protected":false},"author":2,"featured_media":18038,"comment_status":"closed","ping_status":"open","sticky":false,"template":"","format":"standard","meta":{"_lmt_disableupdate":"","_lmt_disable":"","_jetpack_memberships_contains_paid_content":false,"footnotes":""},"categories":[109,46],"tags":[],"class_list":["post-18037","post","type-post","status-publish","format-standard","has-post-thumbnail","hentry","category-minuto-a-minuto","category-zona-blanca"],"jetpack_featured_media_url":"https:\/\/zonaroja.com.mx\/wp-content\/uploads\/2020\/09\/Aborto-legal-y-seguro.jpg","jetpack_sharing_enabled":true,"_links":{"self":[{"href":"https:\/\/zonaroja.com.mx\/index.php?rest_route=\/wp\/v2\/posts\/18037","targetHints":{"allow":["GET"]}}],"collection":[{"href":"https:\/\/zonaroja.com.mx\/index.php?rest_route=\/wp\/v2\/posts"}],"about":[{"href":"https:\/\/zonaroja.com.mx\/index.php?rest_route=\/wp\/v2\/types\/post"}],"author":[{"embeddable":true,"href":"https:\/\/zonaroja.com.mx\/index.php?rest_route=\/wp\/v2\/users\/2"}],"replies":[{"embeddable":true,"href":"https:\/\/zonaroja.com.mx\/index.php?rest_route=%2Fwp%2Fv2%2Fcomments&post=18037"}],"version-history":[{"count":1,"href":"https:\/\/zonaroja.com.mx\/index.php?rest_route=\/wp\/v2\/posts\/18037\/revisions"}],"predecessor-version":[{"id":18039,"href":"https:\/\/zonaroja.com.mx\/index.php?rest_route=\/wp\/v2\/posts\/18037\/revisions\/18039"}],"wp:featuredmedia":[{"embeddable":true,"href":"https:\/\/zonaroja.com.mx\/index.php?rest_route=\/wp\/v2\/media\/18038"}],"wp:attachment":[{"href":"https:\/\/zonaroja.com.mx\/index.php?rest_route=%2Fwp%2Fv2%2Fmedia&parent=18037"}],"wp:term":[{"taxonomy":"category","embeddable":true,"href":"https:\/\/zonaroja.com.mx\/index.php?rest_route=%2Fwp%2Fv2%2Fcategories&post=18037"},{"taxonomy":"post_tag","embeddable":true,"href":"https:\/\/zonaroja.com.mx\/index.php?rest_route=%2Fwp%2Fv2%2Ftags&post=18037"}],"curies":[{"name":"wp","href":"https:\/\/api.w.org\/{rel}","templated":true}]}}