{"id":1804,"date":"2019-06-24T16:10:20","date_gmt":"2019-06-24T21:10:20","guid":{"rendered":"http:\/\/www.zonaroja.com.mx\/?p=1804"},"modified":"2019-06-24T16:10:23","modified_gmt":"2019-06-24T21:10:23","slug":"exigen-en-imss-renuncia-de-funcionarios-que-dejo-diaz-pimentel","status":"publish","type":"post","link":"https:\/\/zonaroja.com.mx\/?p=1804","title":{"rendered":"Exigen en IMSS renuncia de funcionarios que dej\u00f3 D\u00edaz Pimentel"},"content":{"rendered":"\n<p>Ismael\nGarc\u00eda M.<\/p>\n\n\n\n<p>Oaxaca de\nJu\u00e1rez, Oax., 24 de junio de 2019.- Tras presentar a un nuevo sindicato,\ntrabajadores de base denunciaron corrupci\u00f3n en el IMSS Oaxaca y exigieron la\nrenuncia de funcionarios que hered\u00f3 el anterior delegado, el priista Juan D\u00edaz\nPimentel.<\/p>\n\n\n\n<p>Entre estos\nse encuentran Adela Montserrat V\u00e1squez Socorro, jefa de Nutrici\u00f3n del Hospital\nde Zona n\u00famero uno; Socorro Robles Cruz y Luc\u00eda Ram\u00edrez Gonz\u00e1lez; Nelly Garc\u00eda\nCayetano, directora de la Unidad de Medicina Familiar n\u00famero 38, y Marco\nAntonio Hern\u00e1ndez P\u00e9rez, director de la Unidad de Medicina Familiar con sede en\nla Villa de Etla.<\/p>\n\n\n\n<p>Este \u00faltimo ha sido denunciado en diversas ocasiones por acoso sexual y laboral, as\u00ed como intimidaci\u00f3n, amenazas, saqueo a los bienes del Instituto entre otros.<\/p>\n\n\n\n<figure class=\"wp-block-image\"><img decoding=\"async\" width=\"1024\" height=\"768\" src=\"http:\/\/www.zonaroja.com.mx\/wp-content\/uploads\/2019\/06\/Protesta-IMSS-nuevo-sindicato-1-1024x768.jpg\" alt=\"\" class=\"wp-image-1806\" srcset=\"https:\/\/zonaroja.com.mx\/wp-content\/uploads\/2019\/06\/Protesta-IMSS-nuevo-sindicato-1-1024x768.jpg 1024w, https:\/\/zonaroja.com.mx\/wp-content\/uploads\/2019\/06\/Protesta-IMSS-nuevo-sindicato-1-300x225.jpg 300w, https:\/\/zonaroja.com.mx\/wp-content\/uploads\/2019\/06\/Protesta-IMSS-nuevo-sindicato-1-768x576.jpg 768w, https:\/\/zonaroja.com.mx\/wp-content\/uploads\/2019\/06\/Protesta-IMSS-nuevo-sindicato-1-1170x878.jpg 1170w, https:\/\/zonaroja.com.mx\/wp-content\/uploads\/2019\/06\/Protesta-IMSS-nuevo-sindicato-1-585x439.jpg 585w, https:\/\/zonaroja.com.mx\/wp-content\/uploads\/2019\/06\/Protesta-IMSS-nuevo-sindicato-1.jpg 1280w\" sizes=\"(max-width: 1024px) 100vw, 1024px\" \/><\/figure>\n\n\n\n<p>\u201cNos\ncomprometemos a colaborar con las autoridades en contra de la corrupci\u00f3n que\ntanto est\u00e1 da\u00f1ando a nuestra instituci\u00f3n y nos mantendremos vigilantes de los\nintereses de los trabajadores\u201d, dijo Odilia S\u00e1nchez Galicia, la primera\nsecretaria General de la Secci\u00f3n Oaxaca del Sindicato Nacional Libre de los\nTrabajadores del Seguro Social.<\/p>\n\n\n\n<p>En conferencia de prensa a las afueras de la delegaci\u00f3n del IMSS, en la colonia Reforma de la capital, pidi\u00f3 tambi\u00e9n al gobierno federal que d\u00e9 certeza al nombramiento de la actual responsable de esa instancia, Concepci\u00f3n Rueda G\u00f3mez, \u201cya que una instituci\u00f3n tan relevante no puede permanecer en la incertidumbre directiva\u201d.<\/p>\n\n\n\n<figure class=\"wp-block-embed-twitter wp-block-embed is-type-rich is-provider-twitter\"><div class=\"wp-block-embed__wrapper\">\n<div class=\"twitter-tweet\"><blockquote class=\"twitter-tweet\" data-lang=\"es\"><p lang=\"es\" dir=\"ltr\"><a href=\"https:\/\/twitter.com\/hashtag\/OaxacaGris?src=hash&amp;ref_src=twsrc%5Etfw\">#OaxacaGris<\/a><br>Nuevo sindicato del <a href=\"https:\/\/twitter.com\/Tu_IMSS?ref_src=twsrc%5Etfw\">@Tu_IMSS<\/a> asegura que va contra la corrupci\u00f3n en la delegaci\u00f3n Oaxaca y exige renuncia de funcionarios que dej\u00f3 Juan D\u00edaz Pimentel. Hoy dieron conferencia de prensa: <a href=\"https:\/\/t.co\/8M7Knexf4O\">pic.twitter.com\/8M7Knexf4O<\/a><\/p>&mdash; Zona Roja Oaxaca (@MexRoja) <a href=\"https:\/\/twitter.com\/MexRoja\/status\/1143224068365328386?ref_src=twsrc%5Etfw\">24 de junio de 2019<\/a><\/blockquote><\/div>\n<\/div><\/figure>\n\n\n\n<p>Tras\npresentarse como nuevo gremio, con al menos 50 afiliados inicialmente, una\nrepresentaci\u00f3n de ese gremio se reuni\u00f3 con la delegada del IMSS en la entidad.<\/p>\n","protected":false},"excerpt":{"rendered":"<p>Ismael Garc\u00eda M. Oaxaca de Ju\u00e1rez, Oax., 24 de junio de 2019.- Tras presentar a&hellip;<\/p>\n","protected":false},"author":2,"featured_media":1805,"comment_status":"closed","ping_status":"open","sticky":false,"template":"","format":"standard","meta":{"_lmt_disableupdate":"","_lmt_disable":"","_jetpack_memberships_contains_paid_content":false,"footnotes":""},"categories":[109,47],"tags":[218,58,220],"class_list":["post-1804","post","type-post","status-publish","format-standard","has-post-thumbnail","hentry","category-minuto-a-minuto","category-zona-gris","tag-instituto-mexicano-del-seguro-social","tag-oaxaca","tag-sindicato-nacional-libre-de-los-trabajadores-del-seguro-social"],"jetpack_featured_media_url":"https:\/\/zonaroja.com.mx\/wp-content\/uploads\/2019\/06\/Protesta-IMSS-nuevo-sindicato-2.jpg","jetpack_sharing_enabled":true,"_links":{"self":[{"href":"https:\/\/zonaroja.com.mx\/index.php?rest_route=\/wp\/v2\/posts\/1804","targetHints":{"allow":["GET"]}}],"collection":[{"href":"https:\/\/zonaroja.com.mx\/index.php?rest_route=\/wp\/v2\/posts"}],"about":[{"href":"https:\/\/zonaroja.com.mx\/index.php?rest_route=\/wp\/v2\/types\/post"}],"author":[{"embeddable":true,"href":"https:\/\/zonaroja.com.mx\/index.php?rest_route=\/wp\/v2\/users\/2"}],"replies":[{"embeddable":true,"href":"https:\/\/zonaroja.com.mx\/index.php?rest_route=%2Fwp%2Fv2%2Fcomments&post=1804"}],"version-history":[{"count":1,"href":"https:\/\/zonaroja.com.mx\/index.php?rest_route=\/wp\/v2\/posts\/1804\/revisions"}],"predecessor-version":[{"id":1807,"href":"https:\/\/zonaroja.com.mx\/index.php?rest_route=\/wp\/v2\/posts\/1804\/revisions\/1807"}],"wp:featuredmedia":[{"embeddable":true,"href":"https:\/\/zonaroja.com.mx\/index.php?rest_route=\/wp\/v2\/media\/1805"}],"wp:attachment":[{"href":"https:\/\/zonaroja.com.mx\/index.php?rest_route=%2Fwp%2Fv2%2Fmedia&parent=1804"}],"wp:term":[{"taxonomy":"category","embeddable":true,"href":"https:\/\/zonaroja.com.mx\/index.php?rest_route=%2Fwp%2Fv2%2Fcategories&post=1804"},{"taxonomy":"post_tag","embeddable":true,"href":"https:\/\/zonaroja.com.mx\/index.php?rest_route=%2Fwp%2Fv2%2Ftags&post=1804"}],"curies":[{"name":"wp","href":"https:\/\/api.w.org\/{rel}","templated":true}]}}