{"id":18046,"date":"2020-09-25T21:05:57","date_gmt":"2020-09-26T02:05:57","guid":{"rendered":"http:\/\/www.zonaroja.com.mx\/?p=18046"},"modified":"2020-09-25T21:06:03","modified_gmt":"2020-09-26T02:06:03","slug":"sala-xalapa-sienta-precedente-al-reconocer-derechos-politicos-de-ex-funcionaria-municipal","status":"publish","type":"post","link":"https:\/\/zonaroja.com.mx\/?p=18046","title":{"rendered":"Sala Xalapa sienta precedente al reconocer derechos pol\u00edticos de ex funcionaria municipal&nbsp;"},"content":{"rendered":"\n<p>Evlin Arag\u00f3n\/Zona Roja.<\/p>\n\n\n\n<p>Oaxaca de Ju\u00e1rez, Oax., 25 de septiembre de 2020.- La Sala Regional Xalapa del Tribunal Electoral del Poder Judicial de la Federaci\u00f3n (TEPJF) sent\u00f3 un precedente al reconocer que las funcionarias p\u00fablicas tambi\u00e9n pueden ser v\u00edctimas de violencia pol\u00edtica por raz\u00f3n y acceder al proceso sancionador, con lo cual la denuncia de Jaqueline Escamilla Villanueva en contra del edil de Oaxaca de Ju\u00e1rez, Oswaldo Garc\u00eda Jarqu\u00edn, sigue vigente.&nbsp;<\/p>\n\n\n\n<p>De acuerdo con la resoluci\u00f3n emitida por la magistrada y magistrados de la Sala, \u00abes correcto que las mujeres que desempe\u00f1an cargos p\u00fablicos por designaci\u00f3n tengan a su alcance el procedimiento especial sancionador, para denunciar cualquier acto de violencia pol\u00edtica, en raz\u00f3n de g\u00e9nero que se ejerza en su contra, a fin de conseguir que, en su caso, se sancione a los responsables y la eventual restituci\u00f3n de su derecho violado\u00bb.<\/p>\n\n\n\n<p>Lo anterior, seg\u00fan Jaqueline Escamilla representa un importante precedente ya que hasta el momento s\u00f3lo se hab\u00edan revisado casos de autoridades electas -en las urnas o de forma directa- sin entrar a la revisi\u00f3n de casos de funcionarias p\u00fablicas agraviadas.<\/p>\n\n\n\n<p>Es as\u00ed que la resoluci\u00f3n emitida este jueves 24 de septiembre reconoce los derechos pol\u00edticos de la ex funcionaria y con ello se debe proceder al an\u00e1lisis de si hubo o no violencia pol\u00edtica en su contra, ejercida por el edil de Oaxaca de Ju\u00e1rez y la presidenta honoraria del Consejo Consultivo del Comit\u00e9 Municipal del Sistema de Desarrollo Integral de la Familia.&nbsp;<\/p>\n\n\n\n<p>\u201cParece un paso peque\u00f1o, pero marca un precedente porque le dice al Tribunal que las funcionarias tambi\u00e9n somos sujetas de derechos pol\u00edticos y por consiguiente si podr\u00edamos ser v\u00edctimas de actos de violencia pol\u00edtica\u201d, refiri\u00f3 en breve entrevista para ZONA ROJA.&nbsp;<\/p>\n\n\n\n<p>Lo anterior abre la puerta para que las mujeres adscritas al servicio p\u00fablico que sean agredidas por alg\u00fan superior por su condici\u00f3n de g\u00e9nero, puedan presentar la denuncia y evocar dicha resoluci\u00f3n como respaldo para hacer valer su derecho de vivir libre de violencia.<\/p>\n\n\n\n<p>Escamilla Villanueva celebr\u00f3 que su caso abra un precedente para que m\u00e1s mujeres puedan acceder al procedimiento especial sancionador, en caso de ser v\u00edctimas de violencia pol\u00edtica por raz\u00f3n de g\u00e9nero, toda vez que asegur\u00f3 muchas funcionarias no han podido hacer nada ante la falta de argumentaci\u00f3n jur\u00eddica.&nbsp;<\/p>\n\n\n\n<p>As\u00ed mismo, dio a conocer que a cuatro meses de haber sido v\u00edctima de violencia pol\u00edtica por parte de Oswaldo Garc\u00eda Jarqu\u00edn, el caso est\u00e1 en manos del Tribunal Estatal Electoral de Oaxaca (TEEO), quien tendr\u00e1 que analizar la denuncia y resolver tomando en consideraci\u00f3n la resoluci\u00f3n de la Sala Regional Xalapa que reconoce los derechos pol\u00edticos de la ex funcionaria.&nbsp;<\/p>\n\n\n\n<p>Situaci\u00f3n que tendr\u00e1 que ser en breve, ya que el plazo dictaminado venci\u00f3 en d\u00edas anteriores, sin embargo, debido a la pandemia hay prorrogas impl\u00edcitas que impactan en los temas pendientes.&nbsp;<\/p>\n\n\n\n<p>Y aunque est\u00e1 consiente de que el TEEO puede reconocer sus derechos pol\u00edticos y no as\u00ed la violencia, considera que las siguientes instancias como Sala Xalapa y Sala Superior del TEPJF puedan resolver de manera similar como lo hicieran en el caso Santa Luc\u00eda del Camino, en donde se confirm\u00f3 la existencia de violencia pol\u00edtica por raz\u00f3n de g\u00e9nero en contra de una regidora y se determin\u00f3 que el edil no podr\u00e1 participar en la pr\u00f3xima contienda electoral.<\/p>\n","protected":false},"excerpt":{"rendered":"<p>Evlin Arag\u00f3n\/Zona Roja. Oaxaca de Ju\u00e1rez, Oax., 25 de septiembre de 2020.- La Sala Regional&hellip;<\/p>\n","protected":false},"author":2,"featured_media":14806,"comment_status":"closed","ping_status":"open","sticky":false,"template":"","format":"standard","meta":{"_lmt_disableupdate":"","_lmt_disable":"","_jetpack_memberships_contains_paid_content":false,"footnotes":""},"categories":[109,47],"tags":[244,115],"class_list":["post-18046","post","type-post","status-publish","format-standard","has-post-thumbnail","hentry","category-minuto-a-minuto","category-zona-gris","tag-jaqueline-escamilla-villanueva","tag-oswaldo-garcia-jarquin"],"jetpack_featured_media_url":"https:\/\/zonaroja.com.mx\/wp-content\/uploads\/2020\/07\/Jaqueline-Escamilla.jpg","jetpack_sharing_enabled":true,"_links":{"self":[{"href":"https:\/\/zonaroja.com.mx\/index.php?rest_route=\/wp\/v2\/posts\/18046","targetHints":{"allow":["GET"]}}],"collection":[{"href":"https:\/\/zonaroja.com.mx\/index.php?rest_route=\/wp\/v2\/posts"}],"about":[{"href":"https:\/\/zonaroja.com.mx\/index.php?rest_route=\/wp\/v2\/types\/post"}],"author":[{"embeddable":true,"href":"https:\/\/zonaroja.com.mx\/index.php?rest_route=\/wp\/v2\/users\/2"}],"replies":[{"embeddable":true,"href":"https:\/\/zonaroja.com.mx\/index.php?rest_route=%2Fwp%2Fv2%2Fcomments&post=18046"}],"version-history":[{"count":1,"href":"https:\/\/zonaroja.com.mx\/index.php?rest_route=\/wp\/v2\/posts\/18046\/revisions"}],"predecessor-version":[{"id":18047,"href":"https:\/\/zonaroja.com.mx\/index.php?rest_route=\/wp\/v2\/posts\/18046\/revisions\/18047"}],"wp:featuredmedia":[{"embeddable":true,"href":"https:\/\/zonaroja.com.mx\/index.php?rest_route=\/wp\/v2\/media\/14806"}],"wp:attachment":[{"href":"https:\/\/zonaroja.com.mx\/index.php?rest_route=%2Fwp%2Fv2%2Fmedia&parent=18046"}],"wp:term":[{"taxonomy":"category","embeddable":true,"href":"https:\/\/zonaroja.com.mx\/index.php?rest_route=%2Fwp%2Fv2%2Fcategories&post=18046"},{"taxonomy":"post_tag","embeddable":true,"href":"https:\/\/zonaroja.com.mx\/index.php?rest_route=%2Fwp%2Fv2%2Ftags&post=18046"}],"curies":[{"name":"wp","href":"https:\/\/api.w.org\/{rel}","templated":true}]}}