{"id":18051,"date":"2020-09-26T08:00:13","date_gmt":"2020-09-26T13:00:13","guid":{"rendered":"http:\/\/www.zonaroja.com.mx\/?p=18051"},"modified":"2020-09-25T21:23:16","modified_gmt":"2020-09-26T02:23:16","slug":"regresan-16-estados-a-semaforo-amarillo-por-covid-entre-ellos-oaxaca","status":"publish","type":"post","link":"https:\/\/zonaroja.com.mx\/?p=18051","title":{"rendered":"Regresan 16 estados a sem\u00e1foro amarillo por Covid, entre ellos Oaxaca"},"content":{"rendered":"\n<p>Redacci\u00f3n\/Zona Roja Cdmx.<\/p>\n\n\n\n<p>Ciudad de M\u00e9xico, 26 de septiembre de 2020.- Campeche ser\u00e1 la primera entidad de la Rep\u00fablica Mexicana en iniciar en sem\u00e1foro verde a partir del pr\u00f3ximo lunes 28 de septiembre, con lo cual iniciar\u00edan las clases a nivel presencial y pr\u00e1cticamente todas sus actividades p\u00fablicas.<\/p>\n\n\n\n<p>As\u00ed lo determin\u00f3 anoche la Secretar\u00eda de Salud del gobierno federal, que dem\u00e1s anunci\u00f3 que 16 estados del pa\u00eds, entre ellos Oaxaca, regresar\u00e1n al sem\u00e1foro epidemiol\u00f3gico en color naranja, al disminuir los casos de contagio por Covid-19 y el porcentaje de ocupaci\u00f3n hospitalaria.<\/p>\n\n\n\n<p>En el d\u00eda 118 de la \u201cnueva normalidad\u201d, M\u00e9xico registra 75 mil 844 muertes provocadas por el nuevo coronavirus, adem\u00e1s de 720 mil 858 casos confirmados acumulados, de acuerdo con la Secretar\u00eda de Salud.<\/p>\n\n\n\n<p>Baja California, Chihuahua, Sonora, Coahuila, Tamaulipas, Durango, Sinaloa, Guanajuato, Aguascalientes, Quer\u00e9taro, Puebla, Morelos, Tlaxcala, Oaxaca, Tabasco y Chiapas son las entidades que estar\u00e1n en color amarillo.<\/p>\n\n\n\n<p>En tanto que las entidades que se mantienen en sem\u00e1foro naranja son Baja California Sur, Zacatecas, Nuevo Le\u00f3n, San Luis Potos\u00ed, Nayarit, Colima, Jalisco, Michoac\u00e1n, Estado de M\u00e9xico, Ciudad de M\u00e9xico, Guerrero, Hidalgo, Veracruz, Yucat\u00e1n, Quintana Roo.<\/p>\n\n\n\n<p>\u201cEs alentador ver que ya tenemos un primer sem\u00e1foro verde, quiero felicitar al gobierno de Campeche\u201d, dijo anoche Hugo L\u00f3pez-Gatell, titular de la Subsecretar\u00eda de Prevenci\u00f3n y Promoci\u00f3n de la Salud.<\/p>\n\n\n\n<p>Las autoridades tambi\u00e9n informaron que las cinco entidades con el mayor n\u00famero de casos acumulados son Ciudad de M\u00e9xico, Estado de M\u00e9xico, Guanajuato, Nuevo Le\u00f3n y Veracruz, que en conjunto suman el 41 por ciento de todos los casos registrados en el pa\u00eds.<\/p>\n\n\n\n<p>En cuanto a defunciones Ciudad de M\u00e9xico, Estado de M\u00e9xico, Veracruz, Puebla y Baja California son las cinco entidades que han registrado el mayor n\u00famero y en conjunto registran el 43 por ciento y la Ciudad de M\u00e9xico por s\u00ed sola acumula el 15 por ciento de todas defunciones a nivel nacional.<\/p>\n\n\n\n<p>M\u00e9xico ocupa el cuarto lugar mundial por el n\u00famero de muertes, por detr\u00e1s de Estados Unidos, Brasil e India, y es el s\u00e9ptimo en el n\u00famero de casos.<\/p>\n\n\n\n<p>(Con informaci\u00f3n del portal \u201cSin Embargo\u201d)<\/p>\n","protected":false},"excerpt":{"rendered":"<p>Redacci\u00f3n\/Zona Roja Cdmx. Ciudad de M\u00e9xico, 26 de septiembre de 2020.- Campeche ser\u00e1 la primera&hellip;<\/p>\n","protected":false},"author":2,"featured_media":18052,"comment_status":"closed","ping_status":"open","sticky":false,"template":"","format":"standard","meta":{"_lmt_disableupdate":"","_lmt_disable":"","_jetpack_memberships_contains_paid_content":false,"footnotes":""},"categories":[109,47],"tags":[1328],"class_list":["post-18051","post","type-post","status-publish","format-standard","has-post-thumbnail","hentry","category-minuto-a-minuto","category-zona-gris","tag-coronavirus-mexico"],"jetpack_featured_media_url":"https:\/\/zonaroja.com.mx\/wp-content\/uploads\/2020\/09\/Mapa-semaforo-amarillo..jpg","jetpack_sharing_enabled":true,"_links":{"self":[{"href":"https:\/\/zonaroja.com.mx\/index.php?rest_route=\/wp\/v2\/posts\/18051","targetHints":{"allow":["GET"]}}],"collection":[{"href":"https:\/\/zonaroja.com.mx\/index.php?rest_route=\/wp\/v2\/posts"}],"about":[{"href":"https:\/\/zonaroja.com.mx\/index.php?rest_route=\/wp\/v2\/types\/post"}],"author":[{"embeddable":true,"href":"https:\/\/zonaroja.com.mx\/index.php?rest_route=\/wp\/v2\/users\/2"}],"replies":[{"embeddable":true,"href":"https:\/\/zonaroja.com.mx\/index.php?rest_route=%2Fwp%2Fv2%2Fcomments&post=18051"}],"version-history":[{"count":1,"href":"https:\/\/zonaroja.com.mx\/index.php?rest_route=\/wp\/v2\/posts\/18051\/revisions"}],"predecessor-version":[{"id":18053,"href":"https:\/\/zonaroja.com.mx\/index.php?rest_route=\/wp\/v2\/posts\/18051\/revisions\/18053"}],"wp:featuredmedia":[{"embeddable":true,"href":"https:\/\/zonaroja.com.mx\/index.php?rest_route=\/wp\/v2\/media\/18052"}],"wp:attachment":[{"href":"https:\/\/zonaroja.com.mx\/index.php?rest_route=%2Fwp%2Fv2%2Fmedia&parent=18051"}],"wp:term":[{"taxonomy":"category","embeddable":true,"href":"https:\/\/zonaroja.com.mx\/index.php?rest_route=%2Fwp%2Fv2%2Fcategories&post=18051"},{"taxonomy":"post_tag","embeddable":true,"href":"https:\/\/zonaroja.com.mx\/index.php?rest_route=%2Fwp%2Fv2%2Ftags&post=18051"}],"curies":[{"name":"wp","href":"https:\/\/api.w.org\/{rel}","templated":true}]}}