{"id":18056,"date":"2020-09-25T22:15:51","date_gmt":"2020-09-26T03:15:51","guid":{"rendered":"http:\/\/www.zonaroja.com.mx\/?p=18056"},"modified":"2020-09-25T22:15:55","modified_gmt":"2020-09-26T03:15:55","slug":"en-visperas-de-regresar-al-semaforo-amarillo-registra-oaxaca-184-casos-de-covid","status":"publish","type":"post","link":"https:\/\/zonaroja.com.mx\/?p=18056","title":{"rendered":"En v\u00edsperas de regresar al sem\u00e1foro amarillo, registra Oaxaca 184 casos de Covid"},"content":{"rendered":"\n<p>Redacci\u00f3n\/Zona Roja.<\/p>\n\n\n\n<p>Oaxaca de Ju\u00e1rez, Oax. 25 de septiembre de 2020.- En tanto el gobierno federal anunci\u00f3 que a partir del pr\u00f3ximo lunes, Oaxaca regresar\u00e1 al sem\u00e1foro epidemiol\u00f3gico amarillo, los Servicios de Salud de Oaxaca informaron que al corte de este viernes 25 de septiembre, se contabilizan 184 casos nuevos de Covid-19, sumando 16 mil 341 contagios acumulados en toda la entidad.<\/p>\n\n\n\n<p>En un comunicado, la dependencia expuso que se han notificado 24 mil 262 casos, de los cuales siete mil 109 han sido negativos, hay 812 casos sospechosos en espera de resultados por laboratorio, 14 mil 211 se han recuperado, y lamentablemente se contabilizan seis defunciones que suman mil 426 de manera acumulada.<\/p>\n\n\n\n<p>Inform\u00f3 que la Jurisdicci\u00f3n Sanitaria n\u00famero uno Valles Centrales contabiliza 10 mil 922 casos confirmados y 687 defunciones, Tuxtepec mil 676 y 242 decesos, Istmo mil 624 y 280 muertes, Mixteca mil 051 y 99 fallecimientos, Costa 725 y 76 defunciones, y Sierra 343 y 42 defunciones.<\/p>\n\n\n\n<p>Los 184 casos nuevos se distribuyen en 47 municipios de la entidad, siendo los que mayor n\u00famero de casos presentan, el de Oaxaca de Ju\u00e1rez con 76, Santa Cruz Xoxocotl\u00e1n 17, Santa Luc\u00eda del Camino ocho, Huajuapan de Le\u00f3n y Santa Mar\u00eda Atzompa siete cada uno, Juchit\u00e1n de Zaragoza cinco, Tlacolula de Matamoros y San Pedro Mixtepec cuatro, el resto tres, dos y uno.<\/p>\n\n\n\n<figure class=\"wp-block-embed-twitter wp-block-embed is-type-rich is-provider-twitter\"><div class=\"wp-block-embed__wrapper\">\n<div class=\"twitter-tweet\"><blockquote class=\"twitter-tweet\" data-lang=\"es\"><p lang=\"es\" dir=\"ltr\">Al corte de este viernes 25 de septiembre, 47 municipios de <a href=\"https:\/\/twitter.com\/hashtag\/Oaxaca?src=hash&amp;ref_src=twsrc%5Etfw\">#Oaxaca<\/a> registraron nuevos casos positivos de <a href=\"https:\/\/twitter.com\/hashtag\/COVID19?src=hash&amp;ref_src=twsrc%5Etfw\">#COVID19<\/a>. <a href=\"https:\/\/t.co\/eceh0nJllv\">pic.twitter.com\/eceh0nJllv<\/a><\/p>&mdash; Servicios de Salud (@SSO_GobOax) <a href=\"https:\/\/twitter.com\/SSO_GobOax\/status\/1309668035247190017?ref_src=twsrc%5Etfw\">26 de septiembre de 2020<\/a><\/blockquote><\/div>\n<\/div><\/figure>\n\n\n\n<p>Se\u00f1al\u00f3 que hay 704 casos activos, siendo la Jurisdicci\u00f3n Sanitaria n\u00famero uno Valles Centrales la que registra 483, Mixteca 80, Costa 47, Sierra 45, Istmo 30 y Tuxtepec 19.<\/p>\n\n\n\n<p>Agreg\u00f3 que en relaci\u00f3n a la ocupaci\u00f3n hospitalaria con atenci\u00f3n para pacientes Covid, hoy se registr\u00f3 un 36.3% global, de los cuales el 44.6% sin ventilador y 22.4% con ventilador.<\/p>\n\n\n\n<p>Finalmente, dijo que no debemos olvidar que el cubrebocas salva vidas: \u201cdebemos utilizarlo al salir de manera ordinaria, vigilar que lo estemos utilizando cubriendo nariz y boca, al quitarlo retirarlo de la cintilla sin tocar la parte de enfrente, si es de tela lavarlos antes de usar y si es desechable cortar y tirarlo en una bolsa amigable, evitar tocarlo no compartirlo y lavarnos las manos frecuentemente y aplicar la sana distancia\u201d.<\/p>\n","protected":false},"excerpt":{"rendered":"<p>Redacci\u00f3n\/Zona Roja. Oaxaca de Ju\u00e1rez, Oax. 25 de septiembre de 2020.- En tanto el gobierno&hellip;<\/p>\n","protected":false},"author":2,"featured_media":18057,"comment_status":"closed","ping_status":"open","sticky":false,"template":"","format":"standard","meta":{"_lmt_disableupdate":"","_lmt_disable":"","_jetpack_memberships_contains_paid_content":false,"footnotes":""},"categories":[109,47],"tags":[1512],"class_list":["post-18056","post","type-post","status-publish","format-standard","has-post-thumbnail","hentry","category-minuto-a-minuto","category-zona-gris","tag-coronavirus-oaxaca"],"jetpack_featured_media_url":"https:\/\/zonaroja.com.mx\/wp-content\/uploads\/2020\/09\/SSO-1-1-4.jpeg","jetpack_sharing_enabled":true,"_links":{"self":[{"href":"https:\/\/zonaroja.com.mx\/index.php?rest_route=\/wp\/v2\/posts\/18056","targetHints":{"allow":["GET"]}}],"collection":[{"href":"https:\/\/zonaroja.com.mx\/index.php?rest_route=\/wp\/v2\/posts"}],"about":[{"href":"https:\/\/zonaroja.com.mx\/index.php?rest_route=\/wp\/v2\/types\/post"}],"author":[{"embeddable":true,"href":"https:\/\/zonaroja.com.mx\/index.php?rest_route=\/wp\/v2\/users\/2"}],"replies":[{"embeddable":true,"href":"https:\/\/zonaroja.com.mx\/index.php?rest_route=%2Fwp%2Fv2%2Fcomments&post=18056"}],"version-history":[{"count":1,"href":"https:\/\/zonaroja.com.mx\/index.php?rest_route=\/wp\/v2\/posts\/18056\/revisions"}],"predecessor-version":[{"id":18058,"href":"https:\/\/zonaroja.com.mx\/index.php?rest_route=\/wp\/v2\/posts\/18056\/revisions\/18058"}],"wp:featuredmedia":[{"embeddable":true,"href":"https:\/\/zonaroja.com.mx\/index.php?rest_route=\/wp\/v2\/media\/18057"}],"wp:attachment":[{"href":"https:\/\/zonaroja.com.mx\/index.php?rest_route=%2Fwp%2Fv2%2Fmedia&parent=18056"}],"wp:term":[{"taxonomy":"category","embeddable":true,"href":"https:\/\/zonaroja.com.mx\/index.php?rest_route=%2Fwp%2Fv2%2Fcategories&post=18056"},{"taxonomy":"post_tag","embeddable":true,"href":"https:\/\/zonaroja.com.mx\/index.php?rest_route=%2Fwp%2Fv2%2Ftags&post=18056"}],"curies":[{"name":"wp","href":"https:\/\/api.w.org\/{rel}","templated":true}]}}