{"id":18059,"date":"2020-09-26T08:07:04","date_gmt":"2020-09-26T13:07:04","guid":{"rendered":"http:\/\/www.zonaroja.com.mx\/?p=18059"},"modified":"2020-09-26T08:07:08","modified_gmt":"2020-09-26T13:07:08","slug":"a-seis-anos-impune-la-desaparicion-de-43-estudiantes-de-ayotzinapa","status":"publish","type":"post","link":"https:\/\/zonaroja.com.mx\/?p=18059","title":{"rendered":"A seis a\u00f1os, impune la desaparici\u00f3n de 43 estudiantes de Ayotzinapa"},"content":{"rendered":"\n<p>Redacci\u00f3n\/Zona Roja Cdmx.<\/p>\n\n\n\n<p>Ciudad de M\u00e9xico, 26 de septiembre de 2020.- Cuatro a\u00f1os del priista Enrique Pe\u00f1a Nieto y dos del morenista Andr\u00e9s Manuel L\u00f3pez Obrador no han sido suficientes para esclarecer la desaparici\u00f3n de 43 estudiantes de Ayotzinapa.<\/p>\n\n\n\n<p>Durante la noche del 26 y primeras horas del 27 de septiembre de 2014, se registr\u00f3 en la ciudad de Iguala, Guerrero, uno de los hechos violentos que ha marcado la historia actual de M\u00e9xico.<\/p>\n\n\n\n<p>En aquellas horas, 43 alumnos de la Escuela Normal \u201cRa\u00fal Isidro Burgos\u201d de Ayotzinapa fueron v\u00edctimas de desaparici\u00f3n forzada al parecer en manos del crimen organizado.<\/p>\n\n\n\n<p>Despu\u00e9s de lo ocurrido se registraron manifestaciones en M\u00e9xico y varios pa\u00edses de Am\u00e9rica Latina exigiendo la aparici\u00f3n con vida los alumnos normalistas.<\/p>\n\n\n\n<p>\u00bfQU\u00c9 OCURRI\u00d3?<\/p>\n\n\n\n<p>Investigaciones period\u00edsticas se\u00f1alan que Jos\u00e9 Luis Abarca y su esposa, mejor conocidos como \u201cLa pareja imperial\u201d, habr\u00edan ordenado la detenci\u00f3n de los normalistas, quienes se encontraban \u201cboteando\u201d para viajar a la Ciudad de M\u00e9xico y acudir a la Marcha del 2 de Octubre.<\/p>\n\n\n\n<p>El entonces gobernador de Iguala y directora del DIF realizaban una celebraci\u00f3n en la Plaza de las Tres Garant\u00edas, por ello tem\u00edan que los estudiantes boicotearan el evento.<\/p>\n\n\n\n<p>Los presuntos autores intelectuales habr\u00edan ordenado a polic\u00edas y elementos del Ej\u00e9rcito detener a los normalistas; despu\u00e9s de varios enfrentamientos armados, los 43 normalistas habr\u00edan sido entregados a presuntos integrantes del grupo delictivo \u201cGuerreros Unidos\u201d.<\/p>\n\n\n\n<p>LA VERDAD HIST\u00d3RICA<\/p>\n\n\n\n<p>Despu\u00e9s de varios d\u00edas, el entonces procurador General de la Rep\u00fablica, Jes\u00f9s Murillo Karam, present\u00f3 ante los medios de comunicaci\u00f3n nacionales y extranjeros la investigaci\u00f3n conocida como \u201cLa verdad hist\u00f3rica\u201d en donde se detall\u00f3 lo acontecido aquellos d\u00edas en Iguala.<\/p>\n\n\n\n<p>La versi\u00f3n oficial del Gobierno indic\u00f3 que los 43 normalistas de Ayotzinapa fueron incinerados en el basurero de Cocula; los restos habr\u00edan sido arrojados a un r\u00edo que se encuentra cerca.<\/p>\n\n\n\n<p>En aquella conferencia, el funcionario utiliz\u00f3 la frase \u201cYa me cans\u00e9\u201d, la cual se convirti\u00f3 en \u201ctrending topic\u201d mundial en Twitter arremetiendo contra la versi\u00f3n.<\/p>\n\n\n\n<p>Durante sus \u00faltimos d\u00edas como presidente de M\u00e9xico, Enrique Pe\u00f1a Nieto public\u00f3 un video en el que se mostr\u00f3 seguro que la investigaci\u00f3n realizada en \u201cLa verdad hist\u00f3rica\u201d destap\u00f3 lo que verdaderamente sucedi\u00f3 con los estudiantes.<\/p>\n\n\n\n<p>\u00bfQU\u00c9 FUE DE ELLOS?<\/p>\n\n\n\n<p>Desde el inicio de su sexenio, el presidente, Andr\u00e9s Manuel L\u00f3pez Obrador asegur\u00f3 que reabrir\u00edan la investigaci\u00f3n del caso de los 43 estudiantes desaparecidos.<\/p>\n\n\n\n<p>El pasado 7 de julio, la Fiscal\u00eda General de la Rep\u00fablica (FGR) inform\u00f3 que se identific\u00f3 un resto \u00f3seo de Christian Alfonso Rodr\u00edguez Telumbre, uno de los 43 normalistas desaparecidos de Ayotzinapa.<\/p>\n\n\n\n<p>Omar G\u00f3mez Trejo, titular de la Unidad Especial de Investigaci\u00f3n y Litigaci\u00f3n para el Caso Ayotzinapa, detall\u00f3 en conferencia de prensa que del 21 al 29 de noviembre de 2019 acudieron a un punto de Cocula, Guerrero, conocido como Barranca de la Carnicer\u00eda, que no es el basurero de Cocula, pues se encuentra a m\u00e1s de 800 metros de distancia de donde se crea la narrativa de la \u201cverdad hist\u00f3rica\u201d.<\/p>\n\n\n\n<p>Por su parte, Felipe de la Cruz, vocero de los padres de los 43 normalistas, se\u00f1al\u00f3 que, pese a existen avances en la investigaci\u00f3n la \u201csatisfacci\u00f3n a\u00fan no es completa\u201d ya que se desconoce el paradero de los j\u00f3venes.<\/p>\n\n\n\n<p>El vocero se\u00f1al\u00f3 a Tom\u00e1s Zer\u00f3n de Lucio y a Murillo Karam, entonces funcionarios de la PGR, de sembrar la verdad hist\u00f3rica.<\/p>\n\n\n\n<p>Lo m\u00e1s reciente del caso es la entrega del extitular de la Polic\u00eda Federal Ministerial, Carlos G\u00f3mez Arrieta, a las autoridades de la Fiscal\u00eda General de la Rep\u00fablica (FGR); el hoy detenido era buscado por el caso de los normalistas.<\/p>\n\n\n\n<p>(Informaci\u00f3n de \u201cEl Heraldo de M\u00e9xico\u201d)<\/p>\n","protected":false},"excerpt":{"rendered":"<p>Redacci\u00f3n\/Zona Roja Cdmx. Ciudad de M\u00e9xico, 26 de septiembre de 2020.- Cuatro a\u00f1os del priista&hellip;<\/p>\n","protected":false},"author":2,"featured_media":18060,"comment_status":"closed","ping_status":"open","sticky":false,"template":"","format":"standard","meta":{"_lmt_disableupdate":"","_lmt_disable":"","_jetpack_memberships_contains_paid_content":false,"footnotes":""},"categories":[109,47],"tags":[823],"class_list":["post-18059","post","type-post","status-publish","format-standard","has-post-thumbnail","hentry","category-minuto-a-minuto","category-zona-gris","tag-desaparecidos-ayotzinapa-guerrero"],"jetpack_featured_media_url":"https:\/\/zonaroja.com.mx\/wp-content\/uploads\/2020\/09\/Desaparecidos-Ayotzinapa.jpg","jetpack_sharing_enabled":true,"_links":{"self":[{"href":"https:\/\/zonaroja.com.mx\/index.php?rest_route=\/wp\/v2\/posts\/18059","targetHints":{"allow":["GET"]}}],"collection":[{"href":"https:\/\/zonaroja.com.mx\/index.php?rest_route=\/wp\/v2\/posts"}],"about":[{"href":"https:\/\/zonaroja.com.mx\/index.php?rest_route=\/wp\/v2\/types\/post"}],"author":[{"embeddable":true,"href":"https:\/\/zonaroja.com.mx\/index.php?rest_route=\/wp\/v2\/users\/2"}],"replies":[{"embeddable":true,"href":"https:\/\/zonaroja.com.mx\/index.php?rest_route=%2Fwp%2Fv2%2Fcomments&post=18059"}],"version-history":[{"count":1,"href":"https:\/\/zonaroja.com.mx\/index.php?rest_route=\/wp\/v2\/posts\/18059\/revisions"}],"predecessor-version":[{"id":18061,"href":"https:\/\/zonaroja.com.mx\/index.php?rest_route=\/wp\/v2\/posts\/18059\/revisions\/18061"}],"wp:featuredmedia":[{"embeddable":true,"href":"https:\/\/zonaroja.com.mx\/index.php?rest_route=\/wp\/v2\/media\/18060"}],"wp:attachment":[{"href":"https:\/\/zonaroja.com.mx\/index.php?rest_route=%2Fwp%2Fv2%2Fmedia&parent=18059"}],"wp:term":[{"taxonomy":"category","embeddable":true,"href":"https:\/\/zonaroja.com.mx\/index.php?rest_route=%2Fwp%2Fv2%2Fcategories&post=18059"},{"taxonomy":"post_tag","embeddable":true,"href":"https:\/\/zonaroja.com.mx\/index.php?rest_route=%2Fwp%2Fv2%2Ftags&post=18059"}],"curies":[{"name":"wp","href":"https:\/\/api.w.org\/{rel}","templated":true}]}}