{"id":18068,"date":"2020-09-26T14:41:04","date_gmt":"2020-09-26T19:41:04","guid":{"rendered":"http:\/\/www.zonaroja.com.mx\/?p=18068"},"modified":"2020-09-26T14:42:24","modified_gmt":"2020-09-26T19:42:24","slug":"cndh-intervendra-en-caso-de-asesinato-de-lider-del-fpr-ante-desinteres-de-fiscalia","status":"publish","type":"post","link":"https:\/\/zonaroja.com.mx\/?p=18068","title":{"rendered":"CNDH intervendr\u00e1 en caso de asesinato de l\u00edder del FPR, ante desinter\u00e9s de Fiscal\u00eda"},"content":{"rendered":"\n<p>Yuridiana Sosa<\/p>\n\n\n\n<p>Oaxaca de Ju\u00e1rez, Oax., 26 de septiembre de 2020.- La Comisi\u00f3n Nacional de Derechos Humanos (CNDH) indagar\u00e1 el caso del asesinato del l\u00edder del Frente Popular Revolucionario (FPR), Tom\u00e1s Mart\u00ednez Pinacho, para exigir a la Fiscal\u00eda General de Oaxaca investigue a la brevedady aplique justicia por el delito.<\/p>\n\n\n\n<p>As\u00ed lo confirm\u00f3 el dirigente estatal del FPR en Oaxaca, Macario Otalo Padilla, quien agreg\u00f3 que este viernes sostuvieron una pl\u00e1tica con enviados de la CNDH para exponer la omisi\u00f3n de la Fiscal\u00eda, que a m\u00e1s de un mes del homicidio no tiene ni una l\u00ednea de investigaci\u00f3n ni avances.<\/p>\n\n\n\n<p>El organismo nacional, dijo, se comprometi\u00f3 a realizar los procesos necesarios para demandar al fiscal Rub\u00e9n Vasconcelos M\u00e9ndez, un informe detallado de los hechos.<\/p>\n\n\n\n<figure class=\"wp-block-embed-twitter wp-block-embed is-type-rich is-provider-twitter\"><div class=\"wp-block-embed__wrapper\">\n<div class=\"twitter-tweet\"><blockquote class=\"twitter-tweet\" data-lang=\"es\"><p lang=\"es\" dir=\"ltr\"><a href=\"https:\/\/twitter.com\/hashtag\/%C3%9AltimoMinuto?src=hash&amp;ref_src=twsrc%5Etfw\">#\u00daltimoMinuto<\/a> <br>Previo a una marcha masiva, organizaciones sociales \u201ctoman\u201d veh\u00edculos para bloquear la carretera federal 190, a la altura del crucero de las antiguas oficinas del IEEPO, al oriente de la ciudad de Oaxaca. <a href=\"https:\/\/t.co\/ROOnDjovum\">pic.twitter.com\/ROOnDjovum<\/a><\/p>&mdash; Zona Roja Oaxaca (@MexRoja) <a href=\"https:\/\/twitter.com\/MexRoja\/status\/1309875489054642176?ref_src=twsrc%5Etfw\">26 de septiembre de 2020<\/a><\/blockquote><\/div>\n<\/div><\/figure>\n\n\n\n<p>As\u00ed mismo, se pidi\u00f3 &nbsp;al Congreso del Estado emita exhortos y llame a que cumplan con la cita de comparecencia los titulares de la Fiscal\u00eda y la Secretar\u00eda de Seguridad P\u00fablica de Oaxaca, por la inseguridad en la entidad.<\/p>\n\n\n\n<p>Otalo Padilla dijo que la Fiscal\u00eda en Oaxaca s\u00f3lo realiza procedimientos burocr\u00e1ticos como parte de sus supuestas investigaciones por el homicidio de Tom\u00e1s Mart\u00ednez, pero no informa sobre los avances en el caso, a pesar que en la zona de los hechos, en \u00c1nimas Trujano, hab\u00eda c\u00e1maras de videovigilancia.<\/p>\n\n\n\n<p>FUERA DE CONTROL<\/p>\n\n\n\n<p>Esta ma\u00f1ana el grupo de organizaciones que integran el Movimiento Social Oaxaque\u00f1o se moviliz\u00f3 en distintas regiones del estado para demandar justicia por el asesinato de uno de sus l\u00edderes y otros casos que se mantienen en la impunidad.<\/p>\n\n\n\n<figure class=\"wp-block-embed-twitter wp-block-embed is-type-rich is-provider-twitter\"><div class=\"wp-block-embed__wrapper\">\n<div class=\"twitter-tweet\"><blockquote class=\"twitter-tweet\" data-lang=\"es\"><p lang=\"es\" dir=\"ltr\"><a href=\"https:\/\/twitter.com\/hashtag\/%C3%9AltimoMinuto?src=hash&amp;ref_src=twsrc%5Etfw\">#\u00daltimoMinuto<\/a> <br>Pese a exigencias y a m\u00e1s de un mes del asesinato de Tom\u00e1s Mart\u00ednez Pinacho, la <a href=\"https:\/\/twitter.com\/FISCALIA_GobOax?ref_src=twsrc%5Etfw\">@FISCALIA_GobOax<\/a> no tiene ning\u00fan avance; el dirigente del <a href=\"https:\/\/twitter.com\/FPR_OAXACA?ref_src=twsrc%5Etfw\">@FPR_OAXACA<\/a>, Macario Otalo, informa que ya interviene la <a href=\"https:\/\/twitter.com\/CNDH?ref_src=twsrc%5Etfw\">@CNDH<\/a>. En breve saldr\u00e1n en marcha hacia el z\u00f3calo de la capital. <a href=\"https:\/\/t.co\/uJzS2Vd2zQ\">pic.twitter.com\/uJzS2Vd2zQ<\/a><\/p>&mdash; Zona Roja Oaxaca (@MexRoja) <a href=\"https:\/\/twitter.com\/MexRoja\/status\/1309902050667438086?ref_src=twsrc%5Etfw\">26 de septiembre de 2020<\/a><\/blockquote><\/div>\n<\/div><\/figure>\n\n\n\n<p>\u00a1En Oaxaca no hay justicia! \u00a1Que renuncie Rub\u00e9n Vasconcelos!, fueron algunas de las consignas que se difundieron en los distintos puntos del estado.<\/p>\n\n\n\n<p>En la zona conurbada a la capital, en el municipio de Santa Luc\u00eda del Camino, las organizaciones tomaron las oficinas de la delegaci\u00f3n de la Secretar\u00eda de Bienestar, donde realizaron pinta y saqueos.<\/p>\n\n\n\n<p>\u201cAMLO, nos est\u00e1n matando\u201d, \u201cEn Oaxaca asesinan a los l\u00edderes sociales\u201d, \u201cJusticia para Tom\u00e1s\u201d, fueron las consignas pintadas en las oficinas del gobierno federal de las que sustrajeron diversos insumos.<\/p>\n\n\n\n<p>Sobre la carretera intencional 190, al oriente de la capital, bloquearon, quemaron llantas y realizaron pintas previo a su marcha que parti\u00f3 despu\u00e9s del mediod\u00eda de inmediaciones de las antiguas oficinas del IEEPO, al centro de la capital.<\/p>\n\n\n\n<p>En tanto, durante un bloqueo en la carretera federal 190 en jurisdicci\u00f3n del municipio de Asunci\u00f3n Nochixtl\u00e1n, en la Mixteca, reportaron saqueo en un cami\u00f3n de carga de productos alimenticios.<\/p>\n\n\n\n<p>En San Juan Bautista Tuxtepec, el FPR tambi\u00e9n march\u00f3; el contingente se desplaz\u00f3 del crucero de monumento a la Flor de Pi\u00f1a, a las oficinas del Centro de Justicia \u201cDr. V\u00edctor Bravo Ah\u00faja\u201d.<\/p>\n\n\n\n<figure class=\"wp-block-embed-twitter wp-block-embed is-type-rich is-provider-twitter\"><div class=\"wp-block-embed__wrapper\">\n<div class=\"twitter-tweet\"><blockquote class=\"twitter-tweet\" data-lang=\"es\"><p lang=\"es\" dir=\"ltr\"><a href=\"https:\/\/twitter.com\/hashtag\/%C3%9AltimoMinuto?src=hash&amp;ref_src=twsrc%5Etfw\">#\u00daltimoMinuto<\/a> <br>Cientos de militantes de diversas organizaciones sociales salen en marcha del oriente al centro de la ciudad de <a href=\"https:\/\/twitter.com\/hashtag\/Oaxaca?src=hash&amp;ref_src=twsrc%5Etfw\">#Oaxaca<\/a>, en exigencia de justicia por el asesinato de dirigentes. La renuncia del fiscal <a href=\"https:\/\/twitter.com\/RVasconcelosM?ref_src=twsrc%5Etfw\">@RVasconcelosM<\/a>, una de las principales demandas. <a href=\"https:\/\/t.co\/oZF3XIkbr5\">pic.twitter.com\/oZF3XIkbr5<\/a><\/p>&mdash; Zona Roja Oaxaca (@MexRoja) <a href=\"https:\/\/twitter.com\/MexRoja\/status\/1309907869756776449?ref_src=twsrc%5Etfw\">26 de septiembre de 2020<\/a><\/blockquote><\/div>\n<\/div><\/figure>\n\n\n\n<p>LAS AFECTACIONES<\/p>\n\n\n\n<p>Adem\u00e1s de los bloqueos en la zona conurbada a la capital, las organizaciones sociales tambi\u00e9n cerraron el paso en la Carretera federal 175 Oaxaca\u2013Puerto \u00c1ngel, en inmediaciones de Ejutla; carretera federal 125, en Chacuaco, en direcci\u00f3n a Huajuapan de Le\u00f3n.<\/p>\n\n\n\n<p>En Juxtlahuaca, a la salida a Huajuapan, altura de la laguna encantada; carretera federal 125 Tlaxiaco-Putla, a la altura de la desviaci\u00f3n a San Miguel del Progreso; en Pinotepa Nacional, en Mancuernas a la salida para Acapulco, y en la Carretera federal 185 Teotitl\u00e1n-Telixtlahuaca, altura crucero Chepuro.<\/p>\n\n\n\n<p>Participaron diversas organizaciones sociales como la UACOL, Lubizha, Asamblea de Pueblos Ind\u00edgenas, entre otros, adem\u00e1s de una representaci\u00f3n de la Secci\u00f3n 22 del SNTE.<\/p>\n","protected":false},"excerpt":{"rendered":"<p>Yuridiana Sosa Oaxaca de Ju\u00e1rez, Oax., 26 de septiembre de 2020.- La Comisi\u00f3n Nacional de&hellip;<\/p>\n","protected":false},"author":2,"featured_media":18069,"comment_status":"closed","ping_status":"open","sticky":false,"template":"","format":"standard","meta":{"_lmt_disableupdate":"","_lmt_disable":"","_jetpack_memberships_contains_paid_content":false,"footnotes":""},"categories":[109,47],"tags":[1687,1954],"class_list":["post-18068","post","type-post","status-publish","format-standard","has-post-thumbnail","hentry","category-minuto-a-minuto","category-zona-gris","tag-frente-popular-revolucionario-fpr","tag-tomas-martinez-pinacho"],"jetpack_featured_media_url":"https:\/\/zonaroja.com.mx\/wp-content\/uploads\/2020\/09\/Marcha-organizaciones-sociales-Oaxaca.jpg","jetpack_sharing_enabled":true,"_links":{"self":[{"href":"https:\/\/zonaroja.com.mx\/index.php?rest_route=\/wp\/v2\/posts\/18068","targetHints":{"allow":["GET"]}}],"collection":[{"href":"https:\/\/zonaroja.com.mx\/index.php?rest_route=\/wp\/v2\/posts"}],"about":[{"href":"https:\/\/zonaroja.com.mx\/index.php?rest_route=\/wp\/v2\/types\/post"}],"author":[{"embeddable":true,"href":"https:\/\/zonaroja.com.mx\/index.php?rest_route=\/wp\/v2\/users\/2"}],"replies":[{"embeddable":true,"href":"https:\/\/zonaroja.com.mx\/index.php?rest_route=%2Fwp%2Fv2%2Fcomments&post=18068"}],"version-history":[{"count":2,"href":"https:\/\/zonaroja.com.mx\/index.php?rest_route=\/wp\/v2\/posts\/18068\/revisions"}],"predecessor-version":[{"id":18071,"href":"https:\/\/zonaroja.com.mx\/index.php?rest_route=\/wp\/v2\/posts\/18068\/revisions\/18071"}],"wp:featuredmedia":[{"embeddable":true,"href":"https:\/\/zonaroja.com.mx\/index.php?rest_route=\/wp\/v2\/media\/18069"}],"wp:attachment":[{"href":"https:\/\/zonaroja.com.mx\/index.php?rest_route=%2Fwp%2Fv2%2Fmedia&parent=18068"}],"wp:term":[{"taxonomy":"category","embeddable":true,"href":"https:\/\/zonaroja.com.mx\/index.php?rest_route=%2Fwp%2Fv2%2Fcategories&post=18068"},{"taxonomy":"post_tag","embeddable":true,"href":"https:\/\/zonaroja.com.mx\/index.php?rest_route=%2Fwp%2Fv2%2Ftags&post=18068"}],"curies":[{"name":"wp","href":"https:\/\/api.w.org\/{rel}","templated":true}]}}