{"id":18072,"date":"2020-09-26T14:46:02","date_gmt":"2020-09-26T19:46:02","guid":{"rendered":"http:\/\/www.zonaroja.com.mx\/?p=18072"},"modified":"2020-09-26T14:46:06","modified_gmt":"2020-09-26T19:46:06","slug":"propone-diputado-resolucion-efectiva-de-controversias-entre-municipios-y-agencias","status":"publish","type":"post","link":"https:\/\/zonaroja.com.mx\/?p=18072","title":{"rendered":"Propone diputado resoluci\u00f3n efectiva de controversias entre municipios y agencias"},"content":{"rendered":"\n<p>Redacci\u00f3n\/Zona Roja,<\/p>\n\n\n\n<p>Oaxaca de Ju\u00e1rez, Oax. 26 de septiembre de 2020.- Ante el Congreso de Oaxaca fue presentada una iniciativa de ley para que las controversias entre ayuntamientos y agencias municipales, relacionadas a la distribuci\u00f3n equitativa de recursos p\u00fablicos, sean conocidas y resueltas por el Tribunal de Justicia Administrativa (TJA).<\/p>\n\n\n\n<p>La propuesta presentada por el diputado C\u00e9sar Morales Ni\u00f1o, refiere que actualmente es la Sala Ind\u00edgena del Poder Judicial la instancia en la cual se litigan estos asuntos, siempre y cuando se trate de comunidades ind\u00edgenas, reconocidas oficialmente o autoadscritas.<\/p>\n\n\n\n<p>Esto deja un vac\u00edo legal al resto de las agencias, cuyos juicios tardan de uno a tres a\u00f1os.<\/p>\n\n\n\n<p>Ante esa incertidumbre, se plantea modificar la Ley Org\u00e1nica del Tribunal de Justicia Administrativa del Estado de Oaxaca y la Ley de Procedimientos y Justicia Administrativa para el Estado de Oaxaca, para otorgarle facultades al \u00f3rgano jurisdiccional y as\u00ed establecer expresamente su competencia para resolver esas cuestiones de naturaleza administrativa, presupuestaria y fiscal.<\/p>\n\n\n\n<p>Se trata de una norma incluyente, que busca prever la soluci\u00f3n de posibles conflictos interpretativos que se presenten, sin distinguir si se trata de municipios, comunidades o agencias de polic\u00eda o municipales que se autoadscriban como ind\u00edgenas o no.<\/p>\n\n\n\n<p>Asimismo, se pretende optimizar la resoluci\u00f3n y evitar la dilaci\u00f3n excesiva de este tipo de asuntos, que provoca que los problemas comunitarios crezcan, la politizaci\u00f3n de estos asuntos y que generen conflictos sociales.<\/p>\n\n\n\n<p>La iniciativa considera necesario que esta representaci\u00f3n popular legisle para dar certeza a las comunidades y a las autoridades que las representan, sobre qu\u00e9 v\u00eda y jurisdicci\u00f3n les ofrece el Estado para canalizar sus inconformidades, y que las soluciones se encaucen por las rutas institucionales.<\/p>\n","protected":false},"excerpt":{"rendered":"<p>Redacci\u00f3n\/Zona Roja, Oaxaca de Ju\u00e1rez, Oax. 26 de septiembre de 2020.- Ante el Congreso de&hellip;<\/p>\n","protected":false},"author":2,"featured_media":18073,"comment_status":"closed","ping_status":"open","sticky":false,"template":"","format":"standard","meta":{"_lmt_disableupdate":"","_lmt_disable":"","_jetpack_memberships_contains_paid_content":false,"footnotes":""},"categories":[109,46],"tags":[612],"class_list":["post-18072","post","type-post","status-publish","format-standard","has-post-thumbnail","hentry","category-minuto-a-minuto","category-zona-blanca","tag-cesar-morales-nino"],"jetpack_featured_media_url":"https:\/\/zonaroja.com.mx\/wp-content\/uploads\/2020\/09\/Cesar-Morales-N-iniciativa.jpg","jetpack_sharing_enabled":true,"_links":{"self":[{"href":"https:\/\/zonaroja.com.mx\/index.php?rest_route=\/wp\/v2\/posts\/18072","targetHints":{"allow":["GET"]}}],"collection":[{"href":"https:\/\/zonaroja.com.mx\/index.php?rest_route=\/wp\/v2\/posts"}],"about":[{"href":"https:\/\/zonaroja.com.mx\/index.php?rest_route=\/wp\/v2\/types\/post"}],"author":[{"embeddable":true,"href":"https:\/\/zonaroja.com.mx\/index.php?rest_route=\/wp\/v2\/users\/2"}],"replies":[{"embeddable":true,"href":"https:\/\/zonaroja.com.mx\/index.php?rest_route=%2Fwp%2Fv2%2Fcomments&post=18072"}],"version-history":[{"count":1,"href":"https:\/\/zonaroja.com.mx\/index.php?rest_route=\/wp\/v2\/posts\/18072\/revisions"}],"predecessor-version":[{"id":18074,"href":"https:\/\/zonaroja.com.mx\/index.php?rest_route=\/wp\/v2\/posts\/18072\/revisions\/18074"}],"wp:featuredmedia":[{"embeddable":true,"href":"https:\/\/zonaroja.com.mx\/index.php?rest_route=\/wp\/v2\/media\/18073"}],"wp:attachment":[{"href":"https:\/\/zonaroja.com.mx\/index.php?rest_route=%2Fwp%2Fv2%2Fmedia&parent=18072"}],"wp:term":[{"taxonomy":"category","embeddable":true,"href":"https:\/\/zonaroja.com.mx\/index.php?rest_route=%2Fwp%2Fv2%2Fcategories&post=18072"},{"taxonomy":"post_tag","embeddable":true,"href":"https:\/\/zonaroja.com.mx\/index.php?rest_route=%2Fwp%2Fv2%2Ftags&post=18072"}],"curies":[{"name":"wp","href":"https:\/\/api.w.org\/{rel}","templated":true}]}}