{"id":18075,"date":"2020-09-26T15:01:01","date_gmt":"2020-09-26T20:01:01","guid":{"rendered":"http:\/\/www.zonaroja.com.mx\/?p=18075"},"modified":"2020-09-26T15:02:18","modified_gmt":"2020-09-26T20:02:18","slug":"sin-confrontaciones-usca-emilio-ulloa-votos-en-oaxaca-para-la-dirigir-morena","status":"publish","type":"post","link":"https:\/\/zonaroja.com.mx\/?p=18075","title":{"rendered":"Sin confrontaciones, busca Emilio Ulloa votos en Oaxaca para dirigir Morena"},"content":{"rendered":"\n<p>Yuridiana Sosa\/Zona Roja.<\/p>\n\n\n\n<p>Oaxaca de Ju\u00e1rez, Oax., 26 de septiembre de 2020.- El candidato a secretario General del Comit\u00e9 Ejecutivo Nacional de Morena, Emilio Ulloa P\u00e9rez, visit\u00f3 hoy Oaxaca, como parte de su gira de campa\u00f1a en busca de votos para la pr\u00f3xima jornada electoral interna.<\/p>\n\n\n\n<p>En conferencia de prensa, en la que estuvo presente el diputado local de Oaxaca, Oth\u00f3n Cuevas C\u00f3rdoba, el aspirante de Morena se\u00f1al\u00f3 que tiene el objetivo de consolidar la unidad en la Cuarta Transformaci\u00f3n, para que sea una realidad, pues entre los cuestionamientos nacionales sobre el partido es la desorganizaci\u00f3n o l\u00edos de intereses internos que se reflejan en la vida p\u00fablica.<\/p>\n\n\n\n<p>Ulloa P\u00e9rez dijo que durante su campa\u00f1a no recurrir\u00e1 a la descalificaci\u00f3n para ganar adeptos, as\u00ed como acatar\u00e1 las decisiones de los \u00f3rganos correspondientes dentro del proceso, pues no se trata de fomentar un ambiente de conflicto dentro del partido.<\/p>\n\n\n\n<p>\u201cSi no te pones de acuerdo en este tema que traemos de la dirigencia nacional, c\u00f3mo les pides a los estados que se pongan de acuerdo; si llegan a declarar contra otro, pues no puede ser.<\/p>\n\n\n\n<figure class=\"wp-block-embed-twitter wp-block-embed is-type-rich is-provider-twitter\"><div class=\"wp-block-embed__wrapper\">\n<div class=\"twitter-tweet\"><blockquote class=\"twitter-tweet\" data-lang=\"es\"><p lang=\"es\" dir=\"ltr\"><a href=\"https:\/\/twitter.com\/hashtag\/ENVIVO?src=hash&amp;ref_src=twsrc%5Etfw\">#ENVIVO<\/a><br>Oaxaca de Ju\u00e1rez, Oax., 26 de septiembre de 2020.- Conferencia de prensa de Emilio Ulloa, candidato a secretario General del Comit\u00e9 Ejecutivo del Partido Morena.<br><br>Aqu\u00ed la transmisi\u00f3n: \ud83d\udc47<a href=\"https:\/\/t.co\/LkK5xjEsAV\">https:\/\/t.co\/LkK5xjEsAV<\/a> <a href=\"https:\/\/t.co\/DvymcgTOXy\">pic.twitter.com\/DvymcgTOXy<\/a><\/p>&mdash; Zona Roja Oaxaca (@MexRoja) <a href=\"https:\/\/twitter.com\/MexRoja\/status\/1309887096950337537?ref_src=twsrc%5Etfw\">26 de septiembre de 2020<\/a><\/blockquote><\/div>\n<\/div><\/figure>\n\n\n\n<p>\u201cTiene que ser la solidaridad; porque cuando los compa\u00f1eros de los estados ven que se est\u00e1n peleando, los municipios dicen hagamos lo mismo. El problema es c\u00f3mo vamos actuando a nivel nacional\u201d, dijo Ulloa.<\/p>\n\n\n\n<p>&#8211;Es una opini\u00f3n generalizad es que Morena ha estado alejada de ser un aliado del Presidente.<\/p>\n\n\n\n<p>&#8211;Qu\u00e9 pas\u00f3 en estos dos a\u00f1os; que se nos va un dirigente que encabeza un partido que de cuatro por ciento lo sube a m\u00e1s del 50 por ciento; un dirigente que anduvo recorriendo el pa\u00eds.<\/p>\n\n\n\n<p>\u201cEl problema es que sale y deja al partido y muchos compa\u00f1eros creen que ellos son los herederos de Morena, y no se dan cuenta que Morena fue construido por quien hoy es nuestro Presidente de la Rep\u00fablica; muy pocos hemos entendido c\u00f3mo contribuir y hasta parece que de repente Morena es una carga del Presidente\u201d.<\/p>\n\n\n\n<p>Previamente, Oth\u00f3n Cuevas habl\u00f3 de la militancia y trayectoria de Emilio Ulloa y dijo que coincidieron en la C\u00e1mara baja en 2006, con quienes adem\u00e1s los une la formaci\u00f3n del Movimiento C\u00edvico.<\/p>\n\n\n\n<figure class=\"wp-block-embed-twitter wp-block-embed is-type-rich is-provider-twitter\"><div class=\"wp-block-embed__wrapper\">\n<div class=\"twitter-tweet\"><blockquote class=\"twitter-tweet\" data-lang=\"es\"><p lang=\"es\" dir=\"ltr\">En su visita a Oaxaca en busca de la Secretar\u00eda General del <a href=\"https:\/\/twitter.com\/PartidoMorenaMx?ref_src=twsrc%5Etfw\">@PartidoMorenaMx<\/a>, <a href=\"https:\/\/twitter.com\/EmilioUlloa?ref_src=twsrc%5Etfw\">@EmilioUlloa<\/a> fue recibido por el diputado local <a href=\"https:\/\/twitter.com\/othoncuevas?ref_src=twsrc%5Etfw\">@othoncuevas<\/a>, durante un encuentro con representantes de medios de comunicaci\u00f3n en la capital. <a href=\"https:\/\/t.co\/TAQMzSa3Fk\">pic.twitter.com\/TAQMzSa3Fk<\/a><\/p>&mdash; Zona Roja Oaxaca (@MexRoja) <a href=\"https:\/\/twitter.com\/MexRoja\/status\/1309893378570674178?ref_src=twsrc%5Etfw\">26 de septiembre de 2020<\/a><\/blockquote><\/div>\n<\/div><\/figure>\n\n\n\n<p>El ex diputado federal y ex diputado local en el Estado de M\u00e9xico, ha militado en el Partido de la Revoluci\u00f3n Democr\u00e1tica (PRD) y Movimiento Ciudadano.<\/p>\n\n\n\n<p>Pero ha sido por el Sol Azteca por el que ha ocupado en una curul en el Congreso federal y local.<\/p>\n\n\n\n<p>En el 2000 fue diputado federal del PRD por la LVIII legislatura; en 2003 diputado local del PRD en la LV legislatura del Congreso del Estado de M\u00e9xico.<\/p>\n\n\n\n<p>En su trayectoria pol\u00edtica sobresale su labor como fundador del PRD; presidente del Comit\u00e9 Ejecutivo Municipal del PRD en Nezahualc\u00f3yotl, Estado de M\u00e9xico y despu\u00e9s dirigente estatal y secretario de Coordinaci\u00f3n Regional del PRD, as\u00ed como Candidato a la dirigencia estatal del PRD en el Estado de M\u00e9xico.<\/p>\n","protected":false},"excerpt":{"rendered":"<p>Yuridiana Sosa\/Zona Roja. Oaxaca de Ju\u00e1rez, Oax., 26 de septiembre de 2020.- El candidato a&hellip;<\/p>\n","protected":false},"author":2,"featured_media":18076,"comment_status":"closed","ping_status":"open","sticky":false,"template":"","format":"standard","meta":{"_lmt_disableupdate":"","_lmt_disable":"","_jetpack_memberships_contains_paid_content":false,"footnotes":""},"categories":[109,46],"tags":[2052],"class_list":["post-18075","post","type-post","status-publish","format-standard","has-post-thumbnail","hentry","category-minuto-a-minuto","category-zona-blanca","tag-emilio-ulloa-perez"],"jetpack_featured_media_url":"https:\/\/zonaroja.com.mx\/wp-content\/uploads\/2020\/09\/Emilio-Ulloa-Oaxaca.jpg","jetpack_sharing_enabled":true,"_links":{"self":[{"href":"https:\/\/zonaroja.com.mx\/index.php?rest_route=\/wp\/v2\/posts\/18075","targetHints":{"allow":["GET"]}}],"collection":[{"href":"https:\/\/zonaroja.com.mx\/index.php?rest_route=\/wp\/v2\/posts"}],"about":[{"href":"https:\/\/zonaroja.com.mx\/index.php?rest_route=\/wp\/v2\/types\/post"}],"author":[{"embeddable":true,"href":"https:\/\/zonaroja.com.mx\/index.php?rest_route=\/wp\/v2\/users\/2"}],"replies":[{"embeddable":true,"href":"https:\/\/zonaroja.com.mx\/index.php?rest_route=%2Fwp%2Fv2%2Fcomments&post=18075"}],"version-history":[{"count":2,"href":"https:\/\/zonaroja.com.mx\/index.php?rest_route=\/wp\/v2\/posts\/18075\/revisions"}],"predecessor-version":[{"id":18078,"href":"https:\/\/zonaroja.com.mx\/index.php?rest_route=\/wp\/v2\/posts\/18075\/revisions\/18078"}],"wp:featuredmedia":[{"embeddable":true,"href":"https:\/\/zonaroja.com.mx\/index.php?rest_route=\/wp\/v2\/media\/18076"}],"wp:attachment":[{"href":"https:\/\/zonaroja.com.mx\/index.php?rest_route=%2Fwp%2Fv2%2Fmedia&parent=18075"}],"wp:term":[{"taxonomy":"category","embeddable":true,"href":"https:\/\/zonaroja.com.mx\/index.php?rest_route=%2Fwp%2Fv2%2Fcategories&post=18075"},{"taxonomy":"post_tag","embeddable":true,"href":"https:\/\/zonaroja.com.mx\/index.php?rest_route=%2Fwp%2Fv2%2Ftags&post=18075"}],"curies":[{"name":"wp","href":"https:\/\/api.w.org\/{rel}","templated":true}]}}