{"id":18079,"date":"2020-09-26T20:09:51","date_gmt":"2020-09-27T01:09:51","guid":{"rendered":"http:\/\/www.zonaroja.com.mx\/?p=18079"},"modified":"2020-09-26T20:09:55","modified_gmt":"2020-09-27T01:09:55","slug":"resuelve-teeo-agravio-contra-regidor-de-suchilquitongo-pero-niega-violencia-politica","status":"publish","type":"post","link":"https:\/\/zonaroja.com.mx\/?p=18079","title":{"rendered":"Resuelve TEEO agravio contra regidor de Suchilquitongo pero niega violencia pol\u00edtica"},"content":{"rendered":"\n<p>Evlin Arag\u00f3n\/Zona Roja.<\/p>\n\n\n\n<p>Oaxaca de Ju\u00e1rez, Oax., 26 de septiembre de 2020.- El pleno del Tribunal Electoral del Estado de Oaxaca (TEEO), neg\u00f3 la existencia de violencia pol\u00edtica en perjuicio de C\u00e9sar Maldonado Cruz, regidor de Obras del municipio de Santiago Suchilquitongo, Etla, por parte del edil Julio C\u00e9sar Rodr\u00edguez, quien emitiera el recurso JDC\/51\/2020.<\/p>\n\n\n\n<p>De acuerdo con el magistrado Raymundo Wilfrido L\u00f3pez V\u00e1squez, la argumentaci\u00f3n de violencia pol\u00edtica y m\u00e1s a\u00fan por raz\u00f3n de g\u00e9nero es inapropiada para este caso por lo que emiti\u00f3 su voto a favor de no acreditarla de acuerdo al proyecto que present\u00f3 la magistrada presidenta, Elizabeth Bautista Velasco.<\/p>\n\n\n\n<p>\u201cEstoy totalmente de acuerdo, no hay violencia pol\u00edtica, lo manifest\u00e9 el 30 de abril cuando se present\u00f3 un acuerdo plenario y se decretaron medidas cautelares a favor de este regidor, yo manifest\u00e9 que no exist\u00eda tal violencia\u201d, refiri\u00f3 en la sesi\u00f3n p\u00fablica no presencial.&nbsp;<\/p>\n\n\n\n<p>La resoluci\u00f3n emitida por el TEEO, respecto a la violencia pol\u00edtica que alega el actor, se declara que no se acredita dicha violencia, pues, de las constancias que integran el expediente, no se advierte ning\u00fan tipo de violencia.<\/p>\n\n\n\n<p>As\u00ed mismo, declaran infundado los agravios consistentes en la negativa de la responsable de firmar solicitudes y proyectos relacionados con la Regidur\u00eda de Obras, y lo relacionado con que la autoridad responsable ha corrido al actor de su oficina de trabajo y ha impedido el acceso a las instalaciones que se ocupa el Ayuntamiento, para lo cual tampoco present\u00f3 documento que avalen el dicho.&nbsp;<\/p>\n\n\n\n<p>Lo anterior sin demeritar la denuncia promovida por C\u00e9sar Maldonado Cruz, quien argument\u00f3 \u201cactos y omisiones del presidente municipal de Santiago Suchilquitongo, Oaxaca, por lo que le impide el ejercicio del cargo; actos cometidos en un entorno de violencia pol\u00edtica\u201d.&nbsp;<\/p>\n\n\n\n<p>Declarando fundado \u00fanicamente el agravio relacionado con la omisi\u00f3n de la responsable de convocar al actor a sesiones de Cabildo, ya que lo documentados presentados han dado fe de que el regidor no es convocado de forma semanal a las actividades que realiza el pleno del Cabildo.<\/p>\n\n\n\n<p>Por lo anterior, solicitaron al edil Julio C\u00e9sar Rodr\u00edguez, cumplir la normatividad municipal y tomar en cuenta al quejoso para las sesiones en las que su cargo lo amerite.&nbsp;&nbsp;<\/p>\n\n\n\n<p>En febrero de este a\u00f1o, C\u00e9sar Maldonado Cruz, denunci\u00f3 que el edil inici\u00f3 la ejecuci\u00f3n de obras sin que \u00e9stas pasaran por la autorizaci\u00f3n del Cabildo, que se ha favorecido a constructoras que financiaron su campa\u00f1a pol\u00edtica y que ha reportado obras que no existen.&nbsp;<\/p>\n\n\n\n<p>En conferencia de prensa en ese entonces, estim\u00f3 que los recursos desviados ascienden a m\u00e1s de siete millones 731 mil pesos y advirti\u00f3 que recurrir\u00edan a las autoridades competentes para conseguir la renuncia del edil, a quien se\u00f1al\u00f3 de otros delitos.&nbsp;<\/p>\n","protected":false},"excerpt":{"rendered":"<p>Evlin Arag\u00f3n\/Zona Roja. Oaxaca de Ju\u00e1rez, Oax., 26 de septiembre de 2020.- El pleno del&hellip;<\/p>\n","protected":false},"author":2,"featured_media":18080,"comment_status":"closed","ping_status":"open","sticky":false,"template":"","format":"standard","meta":{"_lmt_disableupdate":"","_lmt_disable":"","_jetpack_memberships_contains_paid_content":false,"footnotes":""},"categories":[109,47],"tags":[1364],"class_list":["post-18079","post","type-post","status-publish","format-standard","has-post-thumbnail","hentry","category-minuto-a-minuto","category-zona-gris","tag-santiago-suchilquitongo"],"jetpack_featured_media_url":"https:\/\/zonaroja.com.mx\/wp-content\/uploads\/2020\/09\/Santiago-Suchilquitongo-2.jpg","jetpack_sharing_enabled":true,"_links":{"self":[{"href":"https:\/\/zonaroja.com.mx\/index.php?rest_route=\/wp\/v2\/posts\/18079","targetHints":{"allow":["GET"]}}],"collection":[{"href":"https:\/\/zonaroja.com.mx\/index.php?rest_route=\/wp\/v2\/posts"}],"about":[{"href":"https:\/\/zonaroja.com.mx\/index.php?rest_route=\/wp\/v2\/types\/post"}],"author":[{"embeddable":true,"href":"https:\/\/zonaroja.com.mx\/index.php?rest_route=\/wp\/v2\/users\/2"}],"replies":[{"embeddable":true,"href":"https:\/\/zonaroja.com.mx\/index.php?rest_route=%2Fwp%2Fv2%2Fcomments&post=18079"}],"version-history":[{"count":1,"href":"https:\/\/zonaroja.com.mx\/index.php?rest_route=\/wp\/v2\/posts\/18079\/revisions"}],"predecessor-version":[{"id":18081,"href":"https:\/\/zonaroja.com.mx\/index.php?rest_route=\/wp\/v2\/posts\/18079\/revisions\/18081"}],"wp:featuredmedia":[{"embeddable":true,"href":"https:\/\/zonaroja.com.mx\/index.php?rest_route=\/wp\/v2\/media\/18080"}],"wp:attachment":[{"href":"https:\/\/zonaroja.com.mx\/index.php?rest_route=%2Fwp%2Fv2%2Fmedia&parent=18079"}],"wp:term":[{"taxonomy":"category","embeddable":true,"href":"https:\/\/zonaroja.com.mx\/index.php?rest_route=%2Fwp%2Fv2%2Fcategories&post=18079"},{"taxonomy":"post_tag","embeddable":true,"href":"https:\/\/zonaroja.com.mx\/index.php?rest_route=%2Fwp%2Fv2%2Ftags&post=18079"}],"curies":[{"name":"wp","href":"https:\/\/api.w.org\/{rel}","templated":true}]}}