{"id":18092,"date":"2020-09-27T07:45:28","date_gmt":"2020-09-27T12:45:28","guid":{"rendered":"http:\/\/www.zonaroja.com.mx\/?p=18092"},"modified":"2020-09-27T07:45:32","modified_gmt":"2020-09-27T12:45:32","slug":"a-punto-de-llegar-al-millon-de-decesos-por-covid-19-en-el-mundo","status":"publish","type":"post","link":"https:\/\/zonaroja.com.mx\/?p=18092","title":{"rendered":"A punto de llegar al mill\u00f3n de decesos por Covid-19 en el mundo"},"content":{"rendered":"\n<p>Redacci\u00f3n\/Zona Roja Cdmx.<\/p>\n\n\n\n<p>Ciudad de M\u00e9xico, 27 de septiembre de 2020.- La pandemia del nuevo coronavirus no tiene freno en el mundo, y por el contrario en pa\u00edses europeos ha tenido repuntes importantes.<\/p>\n\n\n\n<p>A escala global, el Covid-19 dej\u00f3 hasta ayer 990 mil 977 defunciones, 32 millones 683 mil 686 casos confirmados y 22 millones 535 mil 887 recuperados, de acuerdo con la Universidad Johns Hopkins.<\/p>\n\n\n\n<p>En Europa, los casos, hospitalizaciones y fallecimientos por Covid-19 han aumentado considerablemente en las \u00faltimas semanas, al igual que las restricciones y las protestas contra las medidas para frenar el avance del virus.<\/p>\n\n\n\n<p>En Londres, manifestantes que protestaban ayer en la Plaza de Trafalgar contra las restricciones impuestas por el gobierno brit\u00e1nico para frenar los repuntes de Covid-19 se enfrentaron a la polic\u00eda cuando intent\u00f3 dispersarlos por no respetar las normas de distanciamiento social.<\/p>\n\n\n\n<p>Miles de personas llenaron la ic\u00f3nica plaza con letreros en que se le\u00edan mensajes contra las vacunas obligatorias, los requerimientos de uso de cubrebocas y los l\u00edmites sobre las libertades civiles.<\/p>\n\n\n\n<p>En tanto, el ministro de Salud de Espa\u00f1a, Salvador Illa, insisti\u00f3 a las autoridades de Madrid que apliquen restricciones m\u00e1s estrictas sobre la movilidad a las personas, debido a que la crisis por Covid-19 en la ciudad es complicada y que se aproximan semanas dif\u00edciles.<\/p>\n\n\n\n<p>Las autoridades de la capital, foco de la epidemia en Espa\u00f1a, anunciaron el viernes que las restricciones de movilidad se ampl\u00edan a partir del lunes a ocho zonas, de los 37 vecindarios ya inmovilizados parcialmente, lo que afectar\u00e1 a m\u00e1s de un mill\u00f3n de habitantes. Ante las nuevas medidas, m\u00e1s de un centenar de personas protestaron.<\/p>\n\n\n\n<p>Autoridades reportaron 14 mil 412 nuevos casos y 39 muertes por coronavirus en 24 horas, con lo que suma en total 31 mil 700 fallecimientos y 527 mil 446 casos confirmados a escala nacional.<\/p>\n\n\n\n<p>En Alemania se registraron 2 mil 507 infecciones el viernes, otro repunte en los casos diarios, por lo que su cifra nacional general ascendi\u00f3 a 282 mil 730.<\/p>\n\n\n\n<p>Estados Unidos, la naci\u00f3n m\u00e1s afectada por la pandemia, suma 204 mil decesos y 7 millones 55 mil contagios, seg\u00fan la universidad, que en la jornada del viernes registr\u00f3 55 mil 54 nuevos casos, lo que supone un m\u00e1ximo diario desde mediados de abril.<\/p>\n\n\n\n<p>Cuatro estados del medio oeste estadunidense informaron aumentos considerables de casos de Covid-19 en un d\u00eda, a medida que las infecciones suben a nivel nacional por segunda semana consecutiva, seg\u00fan Reuters.<\/p>\n\n\n\n<p>Wisconsin report\u00f3 2 mil 902 casos nuevos, Minnesota mil 418, Montana 343 y Dakota del Sur 579. Estos estados registran incrementos desde la semana pasada, al igual que Oregon, Utah y Wyoming.<\/p>\n\n\n\n<p>California comenz\u00f3 a reportar aumentos preocupantes en las estad\u00edsticas de coronavirus despu\u00e9s de un periodo sostenido a la baja, y la m\u00e1xima autoridad de salud del estado pidi\u00f3 a la gente redoblar esfuerzos para prevenir los contagios.<\/p>\n\n\n\n<p>En Am\u00e9rica Latina y Caribe ya hay 338 mil 254 fallecidos y 9 millones 95 mil 347 contagios, seg\u00fan un reporte de la Afp. Argentina al borde de cruzar la barrera de los 700 mil casos confirmados, tras un incremento de los contagios en los \u00faltimos meses, primero en Buenos Aires y sus alrededores y despu\u00e9s en otras provincias.<\/p>\n\n\n\n<p>(Con informaci\u00f3n de agencias internacionales)<\/p>\n","protected":false},"excerpt":{"rendered":"<p>Redacci\u00f3n\/Zona Roja Cdmx. Ciudad de M\u00e9xico, 27 de septiembre de 2020.- La pandemia del nuevo&hellip;<\/p>\n","protected":false},"author":2,"featured_media":13947,"comment_status":"closed","ping_status":"open","sticky":false,"template":"","format":"standard","meta":{"_lmt_disableupdate":"","_lmt_disable":"","_jetpack_memberships_contains_paid_content":false,"footnotes":""},"categories":[109,47],"tags":[1510],"class_list":["post-18092","post","type-post","status-publish","format-standard","has-post-thumbnail","hentry","category-minuto-a-minuto","category-zona-gris","tag-coronavirus-pandemia-global"],"jetpack_featured_media_url":"https:\/\/zonaroja.com.mx\/wp-content\/uploads\/2020\/06\/Coronavirus-mundo.jpg","jetpack_sharing_enabled":true,"_links":{"self":[{"href":"https:\/\/zonaroja.com.mx\/index.php?rest_route=\/wp\/v2\/posts\/18092","targetHints":{"allow":["GET"]}}],"collection":[{"href":"https:\/\/zonaroja.com.mx\/index.php?rest_route=\/wp\/v2\/posts"}],"about":[{"href":"https:\/\/zonaroja.com.mx\/index.php?rest_route=\/wp\/v2\/types\/post"}],"author":[{"embeddable":true,"href":"https:\/\/zonaroja.com.mx\/index.php?rest_route=\/wp\/v2\/users\/2"}],"replies":[{"embeddable":true,"href":"https:\/\/zonaroja.com.mx\/index.php?rest_route=%2Fwp%2Fv2%2Fcomments&post=18092"}],"version-history":[{"count":1,"href":"https:\/\/zonaroja.com.mx\/index.php?rest_route=\/wp\/v2\/posts\/18092\/revisions"}],"predecessor-version":[{"id":18093,"href":"https:\/\/zonaroja.com.mx\/index.php?rest_route=\/wp\/v2\/posts\/18092\/revisions\/18093"}],"wp:featuredmedia":[{"embeddable":true,"href":"https:\/\/zonaroja.com.mx\/index.php?rest_route=\/wp\/v2\/media\/13947"}],"wp:attachment":[{"href":"https:\/\/zonaroja.com.mx\/index.php?rest_route=%2Fwp%2Fv2%2Fmedia&parent=18092"}],"wp:term":[{"taxonomy":"category","embeddable":true,"href":"https:\/\/zonaroja.com.mx\/index.php?rest_route=%2Fwp%2Fv2%2Fcategories&post=18092"},{"taxonomy":"post_tag","embeddable":true,"href":"https:\/\/zonaroja.com.mx\/index.php?rest_route=%2Fwp%2Fv2%2Ftags&post=18092"}],"curies":[{"name":"wp","href":"https:\/\/api.w.org\/{rel}","templated":true}]}}