{"id":18094,"date":"2020-09-27T07:52:49","date_gmt":"2020-09-27T12:52:49","guid":{"rendered":"http:\/\/www.zonaroja.com.mx\/?p=18094"},"modified":"2020-09-27T07:52:55","modified_gmt":"2020-09-27T12:52:55","slug":"a-plena-luz-del-dia-roban-en-establecimiento-en-la-capital-oaxaquena","status":"publish","type":"post","link":"https:\/\/zonaroja.com.mx\/?p=18094","title":{"rendered":"A plena luz del d\u00eda roban en establecimiento en la capital oaxaque\u00f1a"},"content":{"rendered":"\n<p>Evlin Arag\u00f3n\/Zona Roja.<\/p>\n\n\n\n<p>Oaxaca de Ju\u00e1rez, Oax., 27 de septiembre de 2020.- La delincuencia en la capital de Oaxaca va en aumento, sin que las autoridades puedan hacer algo para controlarla.<\/p>\n\n\n\n<p>Al menos esa es la percepci\u00f3n de la ciudadan\u00eda que diariamente utiliza ya no el Ministerio P\u00fablico, sino las redes sociales para denunciar un asalto, el robo de una motocicleta o de alg\u00fan establecimiento sin importar la zona y la hora del d\u00eda.<\/p>\n\n\n\n<p>Tal es el caso de la joven emprendedora Maritza Scarlett Jim\u00e9nez, quien utiliz\u00f3 su perfil de Facebook para denunciar el robo que sufri\u00f3 en su establecimiento de comida llamado \u201cNasari. Natural, sano y rico\u201d ubicado en la colonia Reforma, y por el cual advirti\u00f3 a las personas de la zona a tener cuidado con la delincuencia.&nbsp;<\/p>\n\n\n\n<p>\u201cAmigos y contactos ay\u00fadenme a difundir a esta rata gorda que anda suelto por la ciudad de Oaxaca\u201d, refiere en su publicaci\u00f3n que acompa\u00f1a con fotos de un sujeto vestido con playera azul, pantal\u00f3n caqui y tenis blancos que hurt\u00f3 el tel\u00e9fono celular del establecimiento.&nbsp;<\/p>\n\n\n\n<p>Aunque no utiliz\u00f3 la violencia y pudiera considerarse como un \u201crobo menor\u201d, la joven refiri\u00f3 que justamente el celular es una de sus principales herramientas para su trabajo, ya que es el medio para hacer pedidos y entregas a su clientela que con tanto esfuerzo ha ido consiguiendo.&nbsp;&nbsp;<\/p>\n\n\n\n<p>\u201cNo utiliz\u00f3 la violencia y no se llev\u00f3 algo de gran valor, fue un celular, pero ese celular es a donde mis clientes me llaman, es por el medio que me comunico con clientes y atiendo sus llamadas para tomar pedidos y as\u00ed yo poder vender\u201d refiri\u00f3 la joven en su relato.&nbsp;<\/p>\n\n\n\n<p>Por lo anterior, solicit\u00f3 a las personas que de forma solidaria pudieran compartir su publicaci\u00f3n, incluso imprimir la foto y pegarla en sus establecimientos, con la intenci\u00f3n de tomar precauciones propias, ante la falta de vigilancia y pronta atenci\u00f3n por parte de las autoridades en materia de seguridad municipal y estatal.<\/p>\n\n\n\n<p>A la par que evidenci\u00f3 lo complicado que es emprender en estos momentos de contingencia sanitaria, que les ha obligado a redoblar esfuerzo y adaptarse en la entrega de alimentos a domicilio, de ah\u00ed que el robo de su celular sea un asunto importante para el establecimiento.<\/p>\n\n\n\n<p>\u201cSolo pido que me ayuden a difundir y que tengan mucho cuidado en sus establecimientos que d\u00eda a d\u00eda levantamos y trabajamos para salir adelante son nuestros esfuerzos y trabajo, y causa mucho enojo que este tipo de gente, ande como si nada haci\u00e9ndose due\u00f1o de lo ajeno, sin hacer un sacrificio y s\u00f3lo estirando la mano\u201d, manifest\u00f3 Maritza Scarlett.<\/p>\n","protected":false},"excerpt":{"rendered":"<p>Evlin Arag\u00f3n\/Zona Roja. Oaxaca de Ju\u00e1rez, Oax., 27 de septiembre de 2020.- La delincuencia en&hellip;<\/p>\n","protected":false},"author":2,"featured_media":18095,"comment_status":"closed","ping_status":"open","sticky":false,"template":"","format":"standard","meta":{"_lmt_disableupdate":"","_lmt_disable":"","_jetpack_memberships_contains_paid_content":false,"footnotes":""},"categories":[109,47],"tags":[148],"class_list":["post-18094","post","type-post","status-publish","format-standard","has-post-thumbnail","hentry","category-minuto-a-minuto","category-zona-gris","tag-oaxaca-de-juarez"],"jetpack_featured_media_url":"https:\/\/zonaroja.com.mx\/wp-content\/uploads\/2020\/09\/Asalto-a-negocio-colonia-Reforma.jpg","jetpack_sharing_enabled":true,"_links":{"self":[{"href":"https:\/\/zonaroja.com.mx\/index.php?rest_route=\/wp\/v2\/posts\/18094","targetHints":{"allow":["GET"]}}],"collection":[{"href":"https:\/\/zonaroja.com.mx\/index.php?rest_route=\/wp\/v2\/posts"}],"about":[{"href":"https:\/\/zonaroja.com.mx\/index.php?rest_route=\/wp\/v2\/types\/post"}],"author":[{"embeddable":true,"href":"https:\/\/zonaroja.com.mx\/index.php?rest_route=\/wp\/v2\/users\/2"}],"replies":[{"embeddable":true,"href":"https:\/\/zonaroja.com.mx\/index.php?rest_route=%2Fwp%2Fv2%2Fcomments&post=18094"}],"version-history":[{"count":1,"href":"https:\/\/zonaroja.com.mx\/index.php?rest_route=\/wp\/v2\/posts\/18094\/revisions"}],"predecessor-version":[{"id":18096,"href":"https:\/\/zonaroja.com.mx\/index.php?rest_route=\/wp\/v2\/posts\/18094\/revisions\/18096"}],"wp:featuredmedia":[{"embeddable":true,"href":"https:\/\/zonaroja.com.mx\/index.php?rest_route=\/wp\/v2\/media\/18095"}],"wp:attachment":[{"href":"https:\/\/zonaroja.com.mx\/index.php?rest_route=%2Fwp%2Fv2%2Fmedia&parent=18094"}],"wp:term":[{"taxonomy":"category","embeddable":true,"href":"https:\/\/zonaroja.com.mx\/index.php?rest_route=%2Fwp%2Fv2%2Fcategories&post=18094"},{"taxonomy":"post_tag","embeddable":true,"href":"https:\/\/zonaroja.com.mx\/index.php?rest_route=%2Fwp%2Fv2%2Ftags&post=18094"}],"curies":[{"name":"wp","href":"https:\/\/api.w.org\/{rel}","templated":true}]}}