{"id":18097,"date":"2020-09-27T08:11:52","date_gmt":"2020-09-27T13:11:52","guid":{"rendered":"http:\/\/www.zonaroja.com.mx\/?p=18097"},"modified":"2020-09-27T08:11:56","modified_gmt":"2020-09-27T13:11:56","slug":"urgen-organismos-civiles-designacion-en-comision-de-busqueda-de-personas","status":"publish","type":"post","link":"https:\/\/zonaroja.com.mx\/?p=18097","title":{"rendered":"Urgen organismos civiles designaci\u00f3n en Comisi\u00f3n de B\u00fasqueda de Personas"},"content":{"rendered":"\n<p>Evlin Arag\u00f3n\/Zona Roja.<\/p>\n\n\n\n<p>Oaxaca de Ju\u00e1rez, Oax., 27 de septiembre de 2020.- Organizaciones de la sociedad civil urgieron al Congreso local dejar de ser omisos ante una problem\u00e1tica que crece y crece en la entidad oaxaque\u00f1a y concretar la designaci\u00f3n de quien est\u00e9 al frente de la Comisi\u00f3n de B\u00fasqueda de Personas Desaparecidas para el Estado de Oaxaca.&nbsp;&nbsp;<\/p>\n\n\n\n<p>Para ello, es necesaria una mayor difusi\u00f3n de la convocatoria recientemente emitida, que denunciaron ha sido lenta, imposibilitando una amplia participaci\u00f3n, por lo que piden la ampliaci\u00f3n de los tiempos propuestos para encontrar a la persona id\u00f3nea que encabece la nueva instancia, as\u00ed como el presupuesto para su funcionamiento.&nbsp;<\/p>\n\n\n\n<p>De acuerdo con un documento redactado y firmado por al menos 15 organizaciones en defensa de los derechos humanos, desde la aprobaci\u00f3n de la Ley en Materia de Desaparici\u00f3n de Personas para el Estado de Oaxaca en el 2019, se establecieron plazos espec\u00edficos para la conformaci\u00f3n de la Comisi\u00f3n, mismos que no fueron respetados incurriendo en graves omisiones por parte del Poder Ejecutivo y Legislativo.<\/p>\n\n\n\n<p>Y aunque hoy existe una convocatoria p\u00fablica, ello no los exime de la responsabilidad de no haber pugnado por la conformaci\u00f3n de este mecanismo vital para la implementaci\u00f3n de acciones de b\u00fasqueda, localizaci\u00f3n e investigaci\u00f3n en casos de desaparici\u00f3n de personas, las cuales constituyen actividades esenciales que no pueden quedar en segundo plano.<\/p>\n\n\n\n<p>Recordaron que la desaparici\u00f3n forzada de personas es un problema mundial que afecta a todo el n\u00facleo familiar, a la comunidad y al conjunto de la sociedad. \u201cEs una forma de sufrimiento doblemente paralizante: para las v\u00edctimas, muchas veces torturadas y siempre temerosas de perder la vida, y para los miembros de la familia, que no saben la suerte corrida por sus seres queridos\u201d.<\/p>\n\n\n\n<p>En Oaxaca, la denuncia de j\u00f3venes desaparecidas es cada vez m\u00e1s frecuente, vincul\u00e1ndose incluso a una violencia estructural en contra de este sector, raz\u00f3n por la que pidieron que se tomen en cuentan las perspectivas de g\u00e9nero, multisectorial e intercultural, as\u00ed como el enfoque psicosocial para hacer frente a lo que se vive de forma local.&nbsp;<\/p>\n\n\n\n<p>Ante esta realidad, la elecci\u00f3n de quien est\u00e9 al frente de la Comisi\u00f3n, debe garantizar que cumpla con un perfil adecuado y existan los recursos suficientes para la implementaci\u00f3n de la Ley General en materia de Desaparici\u00f3n Forzada de Personas, Desaparici\u00f3n Cometida por Particulares y del Sistema Nacional de B\u00fasqueda de Personas en Oaxaca, con la coordinaci\u00f3n de las instancias involucradas.<\/p>\n\n\n\n<p>Por lo anterior solicitaron la participaci\u00f3n efectiva de las v\u00edctimas, familiares, colectivos y organizaciones de derechos humanos, por lo que insistieron en la ampliaci\u00f3n de los tiempos previsto en la convocatoria y una mayor difusi\u00f3n; y que se haga p\u00fablico el presupuesto aprobado para el funcionamiento de la Comisi\u00f3n de B\u00fasqueda.<\/p>\n\n\n\n<p>As\u00ed mismo, indicaron es necesario el fortalecimiento de la Fiscal\u00eda Especial sobre Personas Desaparecidas y la conformaci\u00f3n de una unidad de b\u00fasqueda en la Secretar\u00eda de Seguridad P\u00fabica, a la par del proceso de elecci\u00f3n del titular de la Comisi\u00f3n; y reformar las leyes para dar cabida a la declaraci\u00f3n de ausencia.&nbsp;<\/p>\n\n\n\n<p>Finalmente, en el comunicado emitido por el organismo civil C\u00f3digo DH, se declararon atentas al proceso que se siga, en el cual se denunciara cualquier acci\u00f3n que signifique un retroceso al cumplimiento a las demandas de v\u00edctimas y familiares de personas desaparecidas del Estado Oaxaca.<\/p>\n","protected":false},"excerpt":{"rendered":"<p>Evlin Arag\u00f3n\/Zona Roja. Oaxaca de Ju\u00e1rez, Oax., 27 de septiembre de 2020.- Organizaciones de la&hellip;<\/p>\n","protected":false},"author":2,"featured_media":18098,"comment_status":"closed","ping_status":"open","sticky":false,"template":"","format":"standard","meta":{"_lmt_disableupdate":"","_lmt_disable":"","_jetpack_memberships_contains_paid_content":false,"footnotes":""},"categories":[109,47],"tags":[2053],"class_list":["post-18097","post","type-post","status-publish","format-standard","has-post-thumbnail","hentry","category-minuto-a-minuto","category-zona-gris","tag-comision-de-busqueda-de-personas-desaparecidas-para-el-estado-de-oaxaca"],"jetpack_featured_media_url":"https:\/\/zonaroja.com.mx\/wp-content\/uploads\/2020\/09\/Busqueda-de-personas-2.jpg","jetpack_sharing_enabled":true,"_links":{"self":[{"href":"https:\/\/zonaroja.com.mx\/index.php?rest_route=\/wp\/v2\/posts\/18097","targetHints":{"allow":["GET"]}}],"collection":[{"href":"https:\/\/zonaroja.com.mx\/index.php?rest_route=\/wp\/v2\/posts"}],"about":[{"href":"https:\/\/zonaroja.com.mx\/index.php?rest_route=\/wp\/v2\/types\/post"}],"author":[{"embeddable":true,"href":"https:\/\/zonaroja.com.mx\/index.php?rest_route=\/wp\/v2\/users\/2"}],"replies":[{"embeddable":true,"href":"https:\/\/zonaroja.com.mx\/index.php?rest_route=%2Fwp%2Fv2%2Fcomments&post=18097"}],"version-history":[{"count":1,"href":"https:\/\/zonaroja.com.mx\/index.php?rest_route=\/wp\/v2\/posts\/18097\/revisions"}],"predecessor-version":[{"id":18099,"href":"https:\/\/zonaroja.com.mx\/index.php?rest_route=\/wp\/v2\/posts\/18097\/revisions\/18099"}],"wp:featuredmedia":[{"embeddable":true,"href":"https:\/\/zonaroja.com.mx\/index.php?rest_route=\/wp\/v2\/media\/18098"}],"wp:attachment":[{"href":"https:\/\/zonaroja.com.mx\/index.php?rest_route=%2Fwp%2Fv2%2Fmedia&parent=18097"}],"wp:term":[{"taxonomy":"category","embeddable":true,"href":"https:\/\/zonaroja.com.mx\/index.php?rest_route=%2Fwp%2Fv2%2Fcategories&post=18097"},{"taxonomy":"post_tag","embeddable":true,"href":"https:\/\/zonaroja.com.mx\/index.php?rest_route=%2Fwp%2Fv2%2Ftags&post=18097"}],"curies":[{"name":"wp","href":"https:\/\/api.w.org\/{rel}","templated":true}]}}