{"id":1810,"date":"2019-06-24T18:27:29","date_gmt":"2019-06-24T23:27:29","guid":{"rendered":"http:\/\/www.zonaroja.com.mx\/?p=1810"},"modified":"2019-06-24T18:27:32","modified_gmt":"2019-06-24T23:27:32","slug":"que-el-comite-de-autenticidad-sea-con-personas-de-los-pueblos","status":"publish","type":"post","link":"https:\/\/zonaroja.com.mx\/?p=1810","title":{"rendered":"\u201cQue el Comit\u00e9 de Autenticidad sea con personas de los pueblos\u201d"},"content":{"rendered":"\n<p>Ismael\nGarc\u00eda M.<\/p>\n\n\n\n<p>Oaxaca de\nJu\u00e1rez, Oax., 24 de junio de 2019.- Autoridades municipales de la Villa de San\nAntonino Castillo Velasco recriminaron al Comit\u00e9 de Autenticidad del gobierno\nde Oaxaca por excluirlos de la Guelaguetza 2019.<\/p>\n\n\n\n<p>\u201cDeber\u00eda\nestar integrados por gente originaria, de los pueblos, que realmente conozcan\nlas tradiciones. Los que sabemos c\u00f3mo se baila, c\u00f3mo se hace la coreograf\u00eda,\nsomos los pueblos, no se vale que vayan a imponer observaciones que no tienen\nnada que ver\u201d, dijo el edil Esteban Abel S\u00e1nchez Cano.<\/p>\n\n\n\n<p>Con San Antonino &#8211;municipio del distrito de Ocotl\u00e1n, en la regi\u00f3n Valles Centrales del estado&#8211; suman al menos cinco delegaciones excluidas, entre ellas Juchit\u00e1n de Zaragoza, Santo Domingo Tehuantepec y Tlacolula de Matamoros &#8211;donde sus autoridades surgieron del Partido Morena&#8211;, adem\u00e1s de San Melchor Betaza.<\/p>\n\n\n\n<figure class=\"wp-block-image\"><img decoding=\"async\" width=\"1024\" height=\"767\" src=\"http:\/\/www.zonaroja.com.mx\/wp-content\/uploads\/2019\/06\/San-Antonino-Castillo-Velasco-2-1024x767.jpg\" alt=\"\" class=\"wp-image-1811\" srcset=\"https:\/\/zonaroja.com.mx\/wp-content\/uploads\/2019\/06\/San-Antonino-Castillo-Velasco-2-1024x767.jpg 1024w, https:\/\/zonaroja.com.mx\/wp-content\/uploads\/2019\/06\/San-Antonino-Castillo-Velasco-2-300x225.jpg 300w, https:\/\/zonaroja.com.mx\/wp-content\/uploads\/2019\/06\/San-Antonino-Castillo-Velasco-2-768x575.jpg 768w, https:\/\/zonaroja.com.mx\/wp-content\/uploads\/2019\/06\/San-Antonino-Castillo-Velasco-2-1170x877.jpg 1170w, https:\/\/zonaroja.com.mx\/wp-content\/uploads\/2019\/06\/San-Antonino-Castillo-Velasco-2-585x438.jpg 585w, https:\/\/zonaroja.com.mx\/wp-content\/uploads\/2019\/06\/San-Antonino-Castillo-Velasco-2.jpg 1280w\" sizes=\"(max-width: 1024px) 100vw, 1024px\" \/><\/figure>\n\n\n\n<p>La\nrepresentaci\u00f3n de San Antonino Castillo Velasco dio una conferencia la ma\u00f1ana\nde este lunes frente al acceso principal del Palacio de Gobierno, donde ley\u00f3 a\nun documento enviado al gobernador Alejandro Murat Hinojosa y a la secretaria\nde las Culturas, Adriana Aguilar.<\/p>\n\n\n\n<p>\u201cLa inconformidad es por la exclusi\u00f3n; se ha desvirtuado la expresi\u00f3n cultural, reduciendo la esencia a mercantilismo y mercantilizaci\u00f3n, como son sus trajes, cultura, comida, lengua\u2026 Nos pretenden reducir como pueblos originarios a simples mercanc\u00edas.<\/p>\n\n\n\n<figure class=\"wp-block-embed-twitter wp-block-embed is-type-rich is-provider-twitter\"><div class=\"wp-block-embed__wrapper\">\n<div class=\"twitter-tweet\"><blockquote class=\"twitter-tweet\" data-lang=\"es\"><p lang=\"es\" dir=\"ltr\"><a href=\"https:\/\/twitter.com\/hashtag\/OaxacaGris?src=hash&amp;ref_src=twsrc%5Etfw\">#OaxacaGris<\/a><a href=\"https:\/\/twitter.com\/hashtag\/ENVIVO?src=hash&amp;ref_src=twsrc%5Etfw\">#ENVIVO<\/a><br>Ciudad de Oaxaca <br>Conferencia de prensa de la delegaci\u00f3n de San Antonino Castillo Velasco, que fue excluida de la Guelaguetza 2019.<a href=\"https:\/\/t.co\/nAo77TrCxU\">https:\/\/t.co\/nAo77TrCxU<\/a><a href=\"https:\/\/twitter.com\/GuelaguetzaOf?ref_src=twsrc%5Etfw\">@GuelaguetzaOf<\/a> <a href=\"https:\/\/twitter.com\/SECTUR_GobOax?ref_src=twsrc%5Etfw\">@SECTUR_GobOax<\/a> <a href=\"https:\/\/t.co\/zCNalpZgew\">pic.twitter.com\/zCNalpZgew<\/a><\/p>&mdash; Zona Roja Oaxaca (@MexRoja) <a href=\"https:\/\/twitter.com\/MexRoja\/status\/1143179285643104257?ref_src=twsrc%5Etfw\">24 de junio de 2019<\/a><\/blockquote><\/div>\n<\/div><\/figure>\n\n\n\n<p>\u201cLa cultura no\nse vende al mejor postor sino invitando a vivir las costumbres y tradiciones. Hacemos\nun llamado a las autoridades para que volteen a ver a pueblos originarios que\nno s\u00f3lo nos marginados sino tambi\u00e9n excluidos de sus fiestas\u201d, expuso.<\/p>\n\n\n\n<p>Por ello,\nSan Antonino har\u00e1 su Guelaguetza los d\u00edas 22 y 29 de julio a partir de las\n16:00 horas, en el cerro de la \u201cAzucena\u201d, por lo cual invit\u00f3 a la poblaci\u00f3n en\ngeneral, as\u00ed como a los turistas.<\/p>\n","protected":false},"excerpt":{"rendered":"<p>Ismael Garc\u00eda M. Oaxaca de Ju\u00e1rez, Oax., 24 de junio de 2019.- Autoridades municipales de&hellip;<\/p>\n","protected":false},"author":2,"featured_media":1812,"comment_status":"closed","ping_status":"open","sticky":false,"template":"","format":"standard","meta":{"_lmt_disableupdate":"","_lmt_disable":"","_jetpack_memberships_contains_paid_content":false,"footnotes":""},"categories":[109,47],"tags":[],"class_list":["post-1810","post","type-post","status-publish","format-standard","has-post-thumbnail","hentry","category-minuto-a-minuto","category-zona-gris"],"jetpack_featured_media_url":"https:\/\/zonaroja.com.mx\/wp-content\/uploads\/2019\/06\/San-Antonino-Castillo-Velasco-1.jpg","jetpack_sharing_enabled":true,"_links":{"self":[{"href":"https:\/\/zonaroja.com.mx\/index.php?rest_route=\/wp\/v2\/posts\/1810","targetHints":{"allow":["GET"]}}],"collection":[{"href":"https:\/\/zonaroja.com.mx\/index.php?rest_route=\/wp\/v2\/posts"}],"about":[{"href":"https:\/\/zonaroja.com.mx\/index.php?rest_route=\/wp\/v2\/types\/post"}],"author":[{"embeddable":true,"href":"https:\/\/zonaroja.com.mx\/index.php?rest_route=\/wp\/v2\/users\/2"}],"replies":[{"embeddable":true,"href":"https:\/\/zonaroja.com.mx\/index.php?rest_route=%2Fwp%2Fv2%2Fcomments&post=1810"}],"version-history":[{"count":1,"href":"https:\/\/zonaroja.com.mx\/index.php?rest_route=\/wp\/v2\/posts\/1810\/revisions"}],"predecessor-version":[{"id":1813,"href":"https:\/\/zonaroja.com.mx\/index.php?rest_route=\/wp\/v2\/posts\/1810\/revisions\/1813"}],"wp:featuredmedia":[{"embeddable":true,"href":"https:\/\/zonaroja.com.mx\/index.php?rest_route=\/wp\/v2\/media\/1812"}],"wp:attachment":[{"href":"https:\/\/zonaroja.com.mx\/index.php?rest_route=%2Fwp%2Fv2%2Fmedia&parent=1810"}],"wp:term":[{"taxonomy":"category","embeddable":true,"href":"https:\/\/zonaroja.com.mx\/index.php?rest_route=%2Fwp%2Fv2%2Fcategories&post=1810"},{"taxonomy":"post_tag","embeddable":true,"href":"https:\/\/zonaroja.com.mx\/index.php?rest_route=%2Fwp%2Fv2%2Ftags&post=1810"}],"curies":[{"name":"wp","href":"https:\/\/api.w.org\/{rel}","templated":true}]}}