{"id":18100,"date":"2020-09-27T11:16:53","date_gmt":"2020-09-27T16:16:53","guid":{"rendered":"http:\/\/www.zonaroja.com.mx\/?p=18100"},"modified":"2020-09-27T11:16:57","modified_gmt":"2020-09-27T16:16:57","slug":"tras-intento-de-violacion-sujeto-agrede-a-machetazos-a-dos-adolescentes-en-oaxaca","status":"publish","type":"post","link":"https:\/\/zonaroja.com.mx\/?p=18100","title":{"rendered":"Tras intento de violaci\u00f3n, sujeto agrede a machetazos a dos adolescentes en Oaxaca"},"content":{"rendered":"\n<p>Redacci\u00f3n\/Zona Roja.<\/p>\n\n\n\n<p>Oaxaca de Ju\u00e1rez, Oax., 27 de septiembre de 2020.- Un individuo agredi\u00f3 a machetazos a dos adolescentes en el municipio de Salina Cruz, Oaxaca, luego de intentar violar a una mujer.<\/p>\n\n\n\n<p>De acuerdo con reportes de corporaciones policiacas, los hechos sucedieron ayer por la tarde cuando Ra\u00fal, de 17 a\u00f1os de edad, y Lizzaldi, de 16 a\u00f1os, acud\u00edan a la playa a ba\u00f1arse, en la agencia Salinas del Marqu\u00e9s.<\/p>\n\n\n\n<p>En ese momento se acerc\u00f3 un sujeto que intent\u00f3 atacar sexualmente a la menor, por lo cual el adolescente reaccion\u00f3 y la defendi\u00f3.<\/p>\n\n\n\n<figure class=\"wp-block-embed-twitter wp-block-embed is-type-rich is-provider-twitter\"><div class=\"wp-block-embed__wrapper\">\n<div class=\"twitter-tweet\"><blockquote class=\"twitter-tweet\" data-lang=\"es\"><p lang=\"es\" dir=\"ltr\"><a href=\"https:\/\/twitter.com\/hashtag\/%C3%9AltimaHora?src=hash&amp;ref_src=twsrc%5Etfw\">#\u00daltimaHora<\/a> <br>Polic\u00edas rescataron anoche en Salinas del Marqu\u00e9s, agencia del municipio de Salina Cruz, Oaxaca, a un individuo que atac\u00f3 a una menor de edad, a quien intent\u00f3 ultrajar sexualmente; pobladores pretend\u00edan lincharlo. <a href=\"https:\/\/t.co\/J09un0O97s\">pic.twitter.com\/J09un0O97s<\/a><\/p>&mdash; Zona Roja Oaxaca (@MexRoja) <a href=\"https:\/\/twitter.com\/MexRoja\/status\/1310216838161330176?ref_src=twsrc%5Etfw\">27 de septiembre de 2020<\/a><\/blockquote><\/div>\n<\/div><\/figure>\n\n\n\n<p>Sin embargo, el individuo, identificado de manera preliminar como Santiago F. R., alias \u201cEl Astata\u201d, los atac\u00f3 con un machete; la mujer tiene lesiones en la cabeza, por lo cual se encuentra delicada de salud, mientras que el var\u00f3n tiene heridas en ambos brazos.<\/p>\n\n\n\n<p>Tras ello, pobladores y la polic\u00eda municipal comenzaron la b\u00fasqueda, logrando hallar al sujeto despu\u00e9s de las nueve de la noche; los uniformados lo subieron a una patrulla pero los enardecidos habitantes intentaron bajar al sujeto para lincharlo.<\/p>\n\n\n\n<p>Finalmente, fue trasladado a la cabecera de Salina Cruz y puesto a disposici\u00f3n de las autoridades ministeriales.<\/p>\n","protected":false},"excerpt":{"rendered":"<p>Redacci\u00f3n\/Zona Roja. Oaxaca de Ju\u00e1rez, Oax., 27 de septiembre de 2020.- Un individuo agredi\u00f3 a&hellip;<\/p>\n","protected":false},"author":2,"featured_media":18101,"comment_status":"closed","ping_status":"open","sticky":false,"template":"","format":"standard","meta":{"_lmt_disableupdate":"","_lmt_disable":"","_jetpack_memberships_contains_paid_content":false,"footnotes":""},"categories":[109,51],"tags":[2054],"class_list":["post-18100","post","type-post","status-publish","format-standard","has-post-thumbnail","hentry","category-minuto-a-minuto","category-zona-roja","tag-salinas-del-marques"],"jetpack_featured_media_url":"https:\/\/zonaroja.com.mx\/wp-content\/uploads\/2020\/09\/Presunto-violador-Salina-Cruz.jpg","jetpack_sharing_enabled":true,"_links":{"self":[{"href":"https:\/\/zonaroja.com.mx\/index.php?rest_route=\/wp\/v2\/posts\/18100","targetHints":{"allow":["GET"]}}],"collection":[{"href":"https:\/\/zonaroja.com.mx\/index.php?rest_route=\/wp\/v2\/posts"}],"about":[{"href":"https:\/\/zonaroja.com.mx\/index.php?rest_route=\/wp\/v2\/types\/post"}],"author":[{"embeddable":true,"href":"https:\/\/zonaroja.com.mx\/index.php?rest_route=\/wp\/v2\/users\/2"}],"replies":[{"embeddable":true,"href":"https:\/\/zonaroja.com.mx\/index.php?rest_route=%2Fwp%2Fv2%2Fcomments&post=18100"}],"version-history":[{"count":1,"href":"https:\/\/zonaroja.com.mx\/index.php?rest_route=\/wp\/v2\/posts\/18100\/revisions"}],"predecessor-version":[{"id":18102,"href":"https:\/\/zonaroja.com.mx\/index.php?rest_route=\/wp\/v2\/posts\/18100\/revisions\/18102"}],"wp:featuredmedia":[{"embeddable":true,"href":"https:\/\/zonaroja.com.mx\/index.php?rest_route=\/wp\/v2\/media\/18101"}],"wp:attachment":[{"href":"https:\/\/zonaroja.com.mx\/index.php?rest_route=%2Fwp%2Fv2%2Fmedia&parent=18100"}],"wp:term":[{"taxonomy":"category","embeddable":true,"href":"https:\/\/zonaroja.com.mx\/index.php?rest_route=%2Fwp%2Fv2%2Fcategories&post=18100"},{"taxonomy":"post_tag","embeddable":true,"href":"https:\/\/zonaroja.com.mx\/index.php?rest_route=%2Fwp%2Fv2%2Ftags&post=18100"}],"curies":[{"name":"wp","href":"https:\/\/api.w.org\/{rel}","templated":true}]}}