{"id":18111,"date":"2020-09-27T19:58:13","date_gmt":"2020-09-28T00:58:13","guid":{"rendered":"http:\/\/www.zonaroja.com.mx\/?p=18111"},"modified":"2020-09-27T19:58:17","modified_gmt":"2020-09-28T00:58:17","slug":"feminicidios-no-cesan-en-mexico-protestas-crecen-este-fin-de-semana","status":"publish","type":"post","link":"https:\/\/zonaroja.com.mx\/?p=18111","title":{"rendered":"Feminicidios no cesan en M\u00e9xico; protestas crecen este fin de semana"},"content":{"rendered":"\n<p>Redacci\u00f3n\/Zona Roja. Imagen: Mujeres de la Sal<\/p>\n\n\n\n<p>Ciudad de M\u00e9xico, 27 de septiembre de 2020.- Este fin de semana las redes sociales y grupos feministas estallaron nuevamente en el pa\u00eds, debido a los feminicidios de Jessica (21 a\u00f1os), Alondra (20 a\u00f1os), Nayeli (18 a\u00f1os), Noem\u00ed (20 a\u00f1os) Carmen \u2018Caramelo\u2019.<\/p>\n\n\n\n<p>Lo anterior refleja la inconformidad y el hartazgo por la situaci\u00f3n de la violencia contra la mujer por la que atraviesa M\u00e9xico.<\/p>\n\n\n\n<p>De acuerdo con cifras del Secretariado Ejecutivo del Sistema Nacional de Seguridad P\u00fablica (SESNSP), entre enero y agosto de 2020 se han registrado 626 &nbsp;v\u00edctimas de feminicidio.<\/p>\n\n\n\n<p>#JusticiaParaAlondra<\/p>\n\n\n\n<p>El caso m\u00e1s reciente es el de Alondra Elizabeth Gallegos, de 20 a\u00f1os, que fue hallada sin vida este s\u00e1bado por la tarde luego de cuatro d\u00edas de desaparecida. Su cuerpo se encontraba embolsado y dentro de un tambo para ropa con signos de violencia atada de pies y manos en Saltillo, Coahuila.<\/p>\n\n\n\n<p>De acuerdo con medios nacionales, el presunto feminicida de Alondra, identificado como Jos\u00e9 Santana, se habr\u00eda entregado voluntariamente a las autoridades e inform\u00f3 con detalle la ubicaci\u00f3n del cuerpo sin vida de la joven, lo que permiti\u00f3 su hallazgo la tarde de este s\u00e1bado.<\/p>\n\n\n\n<p>#Justicia para Jessica<\/p>\n\n\n\n<p>Previamente se habl\u00f3 sobre el caso de Jessica Gonz\u00e1lez, de 21 a\u00f1os de edad, cuyo cuerpo fue hallado sin vida el 25 de septiembre en Morelia, Michoac\u00e1n.<\/p>\n\n\n\n<p>De acuerdo con algunos reportes de medios locales, el presunto culpable del feminicidio es Diego Ma\u00f1\u00f3n Melgoza quien se teme ha huido del pa\u00eds en compa\u00f1\u00eda de su padre Bruno Urik Ma\u00f1\u00f3n y su novia Hanna Su\u00e1rez, supuestos c\u00f3mplices.<\/p>\n\n\n\n<p>#Justicia para Noem\u00ed&nbsp;<\/p>\n\n\n\n<p>La joven Ana Noem\u00ed \u00c1lvarez de alrededor de 20 a\u00f1os fue abusada sexualmente y luego estrangulada presuntamente por su cu\u00f1ado en la comunidad de San Nicol\u00e1s, en el municipio de Tequisquiapan, Quer\u00e9taro, este 25 de septiembre.<\/p>\n\n\n\n<p>La Fiscal\u00eda Especializada en la Investigaci\u00f3n de Delitos Contra la Vida de Mujeres, se\u00f1al\u00f3 el 25 de septiembre que tiene identificado a un hombre quien probablemente fue quien priv\u00f3 de la vida a una adolescente, en las inmediaciones de la comunidad de San Nicol\u00e1s.<\/p>\n\n\n\n<p>Este domingo los familiares Noem\u00ed le dieron el \u00faltimo adi\u00f3s con una misa de cuerpo presente en la comunidad de San Nicol\u00e1s en el municipio de Tequisquiapan y marchar\u00e1n en la cabecera municipal para exigir justicia.<\/p>\n\n\n\n<p>#Justicia para Nayeli<\/p>\n\n\n\n<p>En Comit\u00e1n, Chiapas, el cuerpo de una joven de 18 a\u00f1os llamada Nayeli fue localizado el pasado jueves en una cuneta de la carretera que conduce al Instituto Tecnol\u00f3gico de Comit\u00e1n.<\/p>\n\n\n\n<p>Nayeli, madre de un ni\u00f1o de dos a\u00f1os, tom\u00f3 un taxi para ir al trabajo, pero no lleg\u00f3 a la casa donde trabajaba como ni\u00f1era. De camino al Tecnol\u00f3gico de Comit\u00e1n, se la encontr\u00f3 sin vida, mostrando signos de violencia sexual y tortura.<\/p>\n\n\n\n<p>La \u00faltima vez que supieron de ella hab\u00eda salido de su casa y tom\u00f3 un taxi para dirigirse hacia su lugar de trabajo.<\/p>\n\n\n\n<p>#Justicia para Carmen \u2018Caramelo\u2019<\/p>\n\n\n\n<p>Carmen, quien era integrante de \u2018mundo cholero\u2019 fue asesinada a balazos el pasado 24 de septiembre en el municipio de Guadalupe, Zacatecas.<\/p>\n\n\n\n<p>Carmen era reconocida en el grupo de los cholos. Varias veces se pronunci\u00f3 contra el consumo de drogas y aconsejaba a quienes quer\u00edan seguir su estilo de vida de que no las usaran, de acuerdo con Infobae.<\/p>\n\n\n\n<p>(Informaci\u00f3n recopilada por el portal \u201cSin Embargo\u201d)<\/p>\n","protected":false},"excerpt":{"rendered":"<p>Redacci\u00f3n\/Zona Roja. Imagen: Mujeres de la Sal Ciudad de M\u00e9xico, 27 de septiembre de 2020.-&hellip;<\/p>\n","protected":false},"author":2,"featured_media":18112,"comment_status":"closed","ping_status":"open","sticky":false,"template":"","format":"standard","meta":{"_lmt_disableupdate":"","_lmt_disable":"","_jetpack_memberships_contains_paid_content":false,"footnotes":""},"categories":[109,47],"tags":[1209],"class_list":["post-18111","post","type-post","status-publish","format-standard","has-post-thumbnail","hentry","category-minuto-a-minuto","category-zona-gris","tag-feminicidios-mexico"],"jetpack_featured_media_url":"https:\/\/zonaroja.com.mx\/wp-content\/uploads\/2020\/09\/Feminicidios-Mexico-2.jpg","jetpack_sharing_enabled":true,"_links":{"self":[{"href":"https:\/\/zonaroja.com.mx\/index.php?rest_route=\/wp\/v2\/posts\/18111","targetHints":{"allow":["GET"]}}],"collection":[{"href":"https:\/\/zonaroja.com.mx\/index.php?rest_route=\/wp\/v2\/posts"}],"about":[{"href":"https:\/\/zonaroja.com.mx\/index.php?rest_route=\/wp\/v2\/types\/post"}],"author":[{"embeddable":true,"href":"https:\/\/zonaroja.com.mx\/index.php?rest_route=\/wp\/v2\/users\/2"}],"replies":[{"embeddable":true,"href":"https:\/\/zonaroja.com.mx\/index.php?rest_route=%2Fwp%2Fv2%2Fcomments&post=18111"}],"version-history":[{"count":1,"href":"https:\/\/zonaroja.com.mx\/index.php?rest_route=\/wp\/v2\/posts\/18111\/revisions"}],"predecessor-version":[{"id":18113,"href":"https:\/\/zonaroja.com.mx\/index.php?rest_route=\/wp\/v2\/posts\/18111\/revisions\/18113"}],"wp:featuredmedia":[{"embeddable":true,"href":"https:\/\/zonaroja.com.mx\/index.php?rest_route=\/wp\/v2\/media\/18112"}],"wp:attachment":[{"href":"https:\/\/zonaroja.com.mx\/index.php?rest_route=%2Fwp%2Fv2%2Fmedia&parent=18111"}],"wp:term":[{"taxonomy":"category","embeddable":true,"href":"https:\/\/zonaroja.com.mx\/index.php?rest_route=%2Fwp%2Fv2%2Fcategories&post=18111"},{"taxonomy":"post_tag","embeddable":true,"href":"https:\/\/zonaroja.com.mx\/index.php?rest_route=%2Fwp%2Fv2%2Ftags&post=18111"}],"curies":[{"name":"wp","href":"https:\/\/api.w.org\/{rel}","templated":true}]}}