{"id":18116,"date":"2020-09-28T08:04:07","date_gmt":"2020-09-28T13:04:07","guid":{"rendered":"http:\/\/www.zonaroja.com.mx\/?p=18116"},"modified":"2020-09-28T08:05:57","modified_gmt":"2020-09-28T13:05:57","slug":"y-en-donde-estan-los-funcionarios-oaxaquenos-de-la-4t","status":"publish","type":"post","link":"https:\/\/zonaroja.com.mx\/?p=18116","title":{"rendered":"\u00bfY en d\u00f3nde est\u00e1n los funcionarios oaxaque\u00f1os de la 4T?"},"content":{"rendered":"\n<p>Ismael Garc\u00eda M.\/Zona Roja.<\/p>\n\n\n\n<p>Oaxaca de Ju\u00e1rez, Oax., 28 de septiembre de 2020.- Oaxaca es de los estados donde el Presidente de M\u00e9xico, Andr\u00e9s Manuel L\u00f3pez Obrador, ha recibido un importante respaldo en su proyecto de Cuarta Transformaci\u00f3n; sus seguidores no le fallan, a\u00fan.<\/p>\n\n\n\n<p>Es tambi\u00e9n la entidad del pa\u00eds que m\u00e1s ha visitado, en al menos 15 ocasiones durante casi dos a\u00f1os, y ya prepara su regreso.<\/p>\n\n\n\n<p>Sin embargo, donde parece que el mandatario le ha fallado a los oaxaque\u00f1os es en la desatinada designaci\u00f3n de algunos funcionarios federales, quienes a pesar de ser oriundos del estado, han mostrado olvido, desd\u00e9n y hasta apat\u00eda para solucionar las demandas del estado en sus diferentes \u00e1mbitos.<\/p>\n\n\n\n<p>Una clara muestra es la del director general del Instituto de Seguridad y Servicios Sociales de los Trabajadores del Estado (ISSSTE), Luis Antonio Ram\u00edrez Pineda.<\/p>\n\n\n\n<p>Primero, fue discreto en su traici\u00f3n al partido en que naci\u00f3, el Revolucionario Institucional, y mantuvo tambi\u00e9n discreto apoyo a la campa\u00f1a de L\u00f3pez Obrador.<\/p>\n\n\n\n<p>Desde noviembre de 2019 en que tom\u00f3 posesi\u00f3n, al hijo del ex gobernador Heladio Ram\u00edrez, nada m\u00e1s no se le ve por Oaxaca; durante los seis meses de la pandemia por Covid-19, el titular del ISSSTE ha mantenido \u201csu sana distancia\u201d con los oaxaque\u00f1os a pesar de las diferentes manifestaciones por falta de insumos para combatir la contingencia.<\/p>\n\n\n\n<p>S\u00f3lo se recuerda que hace m\u00e1s de un a\u00f1o, en enero de 2019, se reuni\u00f3 con titulares de cl\u00ednicas y hospitales de Huajuapan de Le\u00f3n, Pinotepa Nacional, Puerto Escondido, Tehuantepec, y Tuxtepec; tambi\u00e9n presumi\u00f3 que platic\u00f3 con derechohabientes y trabajadores del Hospital Regional \u201cPresidente Ju\u00e1rez\u201d, nosocomio de la capital que agoniz\u00f3 por las diferentes necesidades durante la contingencia.<\/p>\n\n\n\n<p>El oaxaque\u00f1o mantiene sobre sus hombros cientos de reclamos de los trabajadores del ISSSTE en la entidad, quienes adem\u00e1s de acusar las p\u00e9simas condiciones en las que laboran antes y durante la pandemia de Covid-19, tambi\u00e9n exigen cumplimiento a derechos como trabajadores.<\/p>\n\n\n\n<p>Las protestas de este sector no han cesado y recientemente los m\u00e9dicos y enfermeras volvieron a colgar lonas en los centros hospitales para exigir cumplimiento a sus demandas.<\/p>\n\n\n\n<p>Justamente ha sido durante la pandemia por Covid en que las protestas han crecido, pero eso a Luis Antonio Ram\u00edrez Pineda no le importa.<\/p>\n\n\n\n<p>OTRO EN SALUD<\/p>\n\n\n\n<p>Otro oaxaque\u00f1o que ha pasado de noche su cargo para los oaxaque\u00f1os, es el titular de la Comisi\u00f3n Coordinadora de Institutos Nacionales de Salud y Hospitales de Alta Especialidad, Gustavo Reyes Ter\u00e1n, que tom\u00f3 el cargo en octubre de 2019.<\/p>\n\n\n\n<p>En su responsabilidad se encuentra el Hospital Regional de Alta Especialidad de Oaxaca, que en mayo de este a\u00f1o durante la pandemia de Covid, una parte de ese nosocomio ubicado en San Bartolo Coyotepe, se declar\u00f3 en cuarentena para protecci\u00f3n del personal m\u00e9dico y de los usuarios.<\/p>\n\n\n\n<p>\u00c9ste, de la familia de los Reyes Ter\u00e1n, opt\u00f3 por la medicina y la academia, a diferencia de sus hermanos que decidieron por la pol\u00edtica. Pero a\u00fan as\u00ed, s\u00f3lo se le recuerda una intervenci\u00f3n por el nosocomio de Oaxaca.<\/p>\n\n\n\n<p>Fuera de ello, en particular durante la pandemia, jam\u00e1s se le ha o\u00eddo hablar de los apoyos que requiere el hospital de primer nivel ubicado en Coyotepec, a pesar de sus graves carencias y que ha sido el principal receptor de pacientes Covid.<\/p>\n\n\n\n<p>Por cierto, el doctor Gustavo forma parte del selecto equipo de Hugo L\u00f3pez-Gatell, pero ni as\u00ed ayuda a Oaxaca.<\/p>\n\n\n\n<p>Y EN EL INPI<\/p>\n\n\n\n<p>Las quejas tambi\u00e9n llegaron para el titular del Instituto Nacional de los Pueblos Ind\u00edgenas (INPI), Adelfo Regino Montes, oaxaque\u00f1o que ha defendido el proyecto de la Cuarta Transformaci\u00f3n desde la campa\u00f1a de L\u00f3pez Obrador.<\/p>\n\n\n\n<p>Si bien el a\u00f1o pasado destacaron los trabajos en materia de obra p\u00fablica, con la construcci\u00f3n de caminos pavimentados a cabeceras municipales, fuera de ello no se ven m\u00e1s apoyos extraordinarios.<\/p>\n\n\n\n<p>Por el contrario, ha sido acusado de azuzar conflictos en su natal Santa Mar\u00eda Alotepec, seg\u00fan un grupo de mujeres privadas de su libertad el a\u00f1o pasado.<\/p>\n\n\n\n<p>En una carta p\u00fablica para el presidente de la Rep\u00fablica, Andr\u00e9s Manuel L\u00f3pez Obrador, las autodenominadas \u201cv\u00edctimas de la autoridad municipal y de Adelfo Regino Montes\u201d hicieron responsable al servidor p\u00fablico federal, porque \u201cmanipula\u201d a las autoridades municipales.<\/p>\n\n\n\n<p>En febrero de este a\u00f1o, desde el Congreso de Oaxaca se\u00f1alaron presuntos actos de corrupci\u00f3n en el INPI en el Centro Coordinador de Pueblos Ind\u00edgenas en la Mixteca, para aplicar los recursos p\u00fablicos del Programa de Caminos Pavimentados a Caminos Rurales.<\/p>\n\n\n\n<p>Tambi\u00e9n hizo el se\u00f1alamiento la diputada federal Margarita Garc\u00eda, pero Adelfo Regino Montes se deslind\u00f3 de cualquier acto de corrupci\u00f3n en el organismo creado en este sexenio. Particulares adem\u00e1s acusaron favoritismo en la asignaci\u00f3n de obras en el INPI de Oaxaca.<\/p>\n\n\n\n<p>Las organizaciones sociales se han manifestado en las oficinas federales en la capital oaxaque\u00f1a para exigir recursos para las comunidades ind\u00edgenas que representan.<\/p>\n\n\n\n<p>Se le relacion\u00f3 adem\u00e1s por presuntamente azuzar el conflicto por el agua en San Pedro y San Pablo Ayutla, con sus vecinos de Tamazul\u00e1pam del Progreso, el cual, por cierto, no se ha resuelto ni con la intervenci\u00f3n de L\u00f3pez Obrador.<\/p>\n\n\n\n<p>Este a\u00f1o se ha hablado poco de los caminos pavimentados y no hay m\u00e1s recursos extraordinarios para seguir la labor. En tanto que los cuestionamientos de las comunidades ind\u00edgenas en un momento arreciaron tambi\u00e9n contra Adelfo Regino, principalmente en la regi\u00f3n del Istmo, por nulas o escasas consultas para megaproyectos como las e\u00f3licas y ahora el corredor trans\u00edstmico.<\/p>\n\n\n\n<p>\u00bfY LA SENADORA?<\/p>\n\n\n\n<p>La senadora de la Rep\u00fablica Susana Harp Itubarr\u00eda, tambi\u00e9n ha recibido diferentes cr\u00edticas y reclamos frente al cargo especial que recibi\u00f3 en medio de la contingencia de Covid, para lo cual dej\u00f3 por unos dos meses su curul a la panista Concepci\u00f3n Rueda G\u00f3mez, pero luego regres\u00f3 a ocuparlo.<\/p>\n\n\n\n<p>El presidente de M\u00e9xico la nombr\u00f3 como superdelegada de salud para coordinar las tareas de combate contra el Covid-19 en Oaxaca, labor que divide con su funci\u00f3n en salud, sin tener la especialidad m\u00e9dica.<\/p>\n\n\n\n<p>Pero su ejercicio en el cargo ha sido poco visibilizado en la sociedad, quienes se preguntan qu\u00e9 hace para garantizar mejores atenciones en servicios de salud y para prevenir contagios en la poblaci\u00f3n; qu\u00e9 gestiona, a qui\u00e9n escucha, c\u00f3mo atiende o canaliza, qu\u00e9 ha logrado, son las preguntas al aire.<\/p>\n\n\n\n<p>Con poca empat\u00eda, con rechazo a la prensa, la senadora con licencia ha dicho, casi entre dientes, que en Oaxaca se habilitaron el n\u00famero suficientes de camas para atender a los pacientes que padecen Covid-19, pero el problema era la falta de m\u00e9dicos.<\/p>\n\n\n\n<p>Para ella, las condiciones en Oaxaca frente al Covid avanzan para bien, sin embargo, la entidad ha presentado retrocesos en el sem\u00e1foro epidemiol\u00f3gico por el alto n\u00famero de contagios.<\/p>\n\n\n\n<p>Hay varios oaxaque\u00f1os m\u00e1s en cargos menores en el gobierno federal, pero ellos dejaron de acordarse de Oaxaca. As\u00ed que, con esos funcionarios de la 4T, para qu\u00e9 quieren los oaxaque\u00f1os m\u00e1s enemigos. El apoyo suficiente, el cambio prometido, por lo pronto, no se ve nada cercano.<\/p>\n","protected":false},"excerpt":{"rendered":"<p>Ismael Garc\u00eda M.\/Zona Roja. Oaxaca de Ju\u00e1rez, Oax., 28 de septiembre de 2020.- Oaxaca es&hellip;<\/p>\n","protected":false},"author":2,"featured_media":7610,"comment_status":"closed","ping_status":"open","sticky":false,"template":"","format":"standard","meta":{"_lmt_disableupdate":"","_lmt_disable":"","_jetpack_memberships_contains_paid_content":false,"footnotes":""},"categories":[456,109,48],"tags":[1353],"class_list":["post-18116","post","type-post","status-publish","format-standard","has-post-thumbnail","hentry","category-columna","category-minuto-a-minuto","category-zona-critica","tag-opinion-zona-critica"],"jetpack_featured_media_url":"https:\/\/zonaroja.com.mx\/wp-content\/uploads\/2020\/01\/Opini\u00f3n-Zona-Cr\u00edtica.jpg","jetpack_sharing_enabled":true,"_links":{"self":[{"href":"https:\/\/zonaroja.com.mx\/index.php?rest_route=\/wp\/v2\/posts\/18116","targetHints":{"allow":["GET"]}}],"collection":[{"href":"https:\/\/zonaroja.com.mx\/index.php?rest_route=\/wp\/v2\/posts"}],"about":[{"href":"https:\/\/zonaroja.com.mx\/index.php?rest_route=\/wp\/v2\/types\/post"}],"author":[{"embeddable":true,"href":"https:\/\/zonaroja.com.mx\/index.php?rest_route=\/wp\/v2\/users\/2"}],"replies":[{"embeddable":true,"href":"https:\/\/zonaroja.com.mx\/index.php?rest_route=%2Fwp%2Fv2%2Fcomments&post=18116"}],"version-history":[{"count":3,"href":"https:\/\/zonaroja.com.mx\/index.php?rest_route=\/wp\/v2\/posts\/18116\/revisions"}],"predecessor-version":[{"id":18132,"href":"https:\/\/zonaroja.com.mx\/index.php?rest_route=\/wp\/v2\/posts\/18116\/revisions\/18132"}],"wp:featuredmedia":[{"embeddable":true,"href":"https:\/\/zonaroja.com.mx\/index.php?rest_route=\/wp\/v2\/media\/7610"}],"wp:attachment":[{"href":"https:\/\/zonaroja.com.mx\/index.php?rest_route=%2Fwp%2Fv2%2Fmedia&parent=18116"}],"wp:term":[{"taxonomy":"category","embeddable":true,"href":"https:\/\/zonaroja.com.mx\/index.php?rest_route=%2Fwp%2Fv2%2Fcategories&post=18116"},{"taxonomy":"post_tag","embeddable":true,"href":"https:\/\/zonaroja.com.mx\/index.php?rest_route=%2Fwp%2Fv2%2Ftags&post=18116"}],"curies":[{"name":"wp","href":"https:\/\/api.w.org\/{rel}","templated":true}]}}