{"id":18118,"date":"2020-09-27T22:21:49","date_gmt":"2020-09-28T03:21:49","guid":{"rendered":"http:\/\/www.zonaroja.com.mx\/?p=18118"},"modified":"2020-09-27T22:21:54","modified_gmt":"2020-09-28T03:21:54","slug":"cierra-oaxaca-semana-con-mil-114-casos-de-covid-159-diarios-en-promedio","status":"publish","type":"post","link":"https:\/\/zonaroja.com.mx\/?p=18118","title":{"rendered":"Cierra Oaxaca semana con mil 114 casos de Covid; 159 diarios en promedio"},"content":{"rendered":"\n<p>Redacci\u00f3n\/Zona Roja.<\/p>\n\n\n\n<p>Oaxaca de Ju\u00e1rez, Oax., 27 de septiembre de 2020.- Con mil 114 casos positivos a Covid-19, un promedio de 159 diariamente, cerr\u00f3 Oaxaca la \u00faltima semana en sem\u00e1foro epidemiol\u00f3gico naranja. En contraste, los decesos disminuyeron sensiblemente, al registrarse 38 en los \u00faltimos siete d\u00edas,<\/p>\n\n\n\n<p>De acuerdo con el gobierno federal, a partir de ma\u00f1ana lunes, Oaxaca regresa al sem\u00e1foro en color amarillo, de menor riesgo de contagio, a pesar del alto n\u00famero de personas enfermas.<\/p>\n\n\n\n<p>En tanto, el titular de los Servicios de Salud de Oaxaca (SSO), Donato Casas Escamilla, inform\u00f3 que al corte epidemiol\u00f3gico de este 27 de septiembre, se han registrado 196 casos nuevos de COVID-19, que suman 16 mil 646 acumulados en toda la entidad.<\/p>\n\n\n\n<p>Se\u00f1al\u00f3 que se han notificado 24 mil 575 casos, de los cuales siete mil 238 han sido negativos, hay 691 casos sospechosos en espera de resultados por laboratorio, 14 mil 491 se han recuperado; hoy se reportan cuatro defunciones, que suman mil 431.<\/p>\n\n\n\n<figure class=\"wp-block-embed-twitter wp-block-embed is-type-rich is-provider-twitter\"><div class=\"wp-block-embed__wrapper\">\n<div class=\"twitter-tweet\"><blockquote class=\"twitter-tweet\" data-lang=\"es\"><p lang=\"es\" dir=\"ltr\">Este domingo 27 de septiembre, <a href=\"https:\/\/twitter.com\/hashtag\/Oaxaca?src=hash&amp;ref_src=twsrc%5Etfw\">#Oaxaca<\/a> registr\u00f3 45 municipios con casos positivos nuevos de <a href=\"https:\/\/twitter.com\/hashtag\/COVID19?src=hash&amp;ref_src=twsrc%5Etfw\">#COVID19<\/a>.<a href=\"https:\/\/twitter.com\/hashtag\/NoBajemosLaGuardia?src=hash&amp;ref_src=twsrc%5Etfw\">#NoBajemosLaGuardia<\/a>, si te cuidas t\u00fa, nos cuidamos todas y todos. <a href=\"https:\/\/t.co\/3GPgukTbnf\">pic.twitter.com\/3GPgukTbnf<\/a><\/p>&mdash; Servicios de Salud (@SSO_GobOax) <a href=\"https:\/\/twitter.com\/SSO_GobOax\/status\/1310387302036680704?ref_src=twsrc%5Etfw\">28 de septiembre de 2020<\/a><\/blockquote><\/div>\n<\/div><\/figure>\n\n\n\n<p>Mencion\u00f3 que la Jurisdicci\u00f3n Sanitaria n\u00famero uno Valles Centrales, registra 11 mil 132 casos confirmados y 690 defunciones, Tuxtepec mil 688 y 243 fallecimientos, Istmo mil 675 y 280 defunciones, Mixteca mil 073 y 100 fallecimientos, Costa 732 y 76 defunciones y la Sierra 346 y 42 fallecimientos.<\/p>\n\n\n\n<p>Casas Escamilla, dijo que de los 196 casos nuevos se distribuyen en 45 municipios, siendo los que mayor n\u00famero de casos registra: Oaxaca de Ju\u00e1rez con 72, Santa Cruz Xoxocotl\u00e1n 18, Santa Luc\u00eda del Camino 14, Huajuapan de Le\u00f3n 11, Villa de Zaachila siete, San Sebasti\u00e1n Tutla y Santo Domingo Tehuantepec cinco cada uno, Salina Cruz, Miahuatl\u00e1n de Porfirio D\u00edaz y Villa de Etla, cuatro cada uno; el resto tres, dos y uno.<\/p>\n\n\n\n<p>Sostuvo que de los 724 casos activos, la Jurisdicci\u00f3n Sanitaria n\u00famero uno Valles Centrales contabiliza 505, Mixteca 87, Costa 45, Istmo 38, Sierra 29 y Tuxtepec 20.<\/p>\n\n\n\n<p>Por ocupaci\u00f3n hospitalaria hay un 34.8% global, el HRAEO reporta 78.6, el ISSSTE 44.3, IMSS r\u00e9gimen ordinario 46, IMSS Bienestar 25.3, Pemex 25 y Semar 17.6%; hay un 40.6 sin ventilador y 24.7% con ventilador.<\/p>\n\n\n\n<p>Finalmente, el funcionario exhort\u00f3 a la poblaci\u00f3n a continuar con las medidas sanitarias como el uso correcto del cubrebocas que cubra nariz y boca, aplicar sana distancia en espacios p\u00fablicos y cerrados, lavado de manos. \u201cRecuerda que si te cuidas t\u00fa, nos cuidamos todos, no bajemos la guardia\u201d.<\/p>\n","protected":false},"excerpt":{"rendered":"<p>Redacci\u00f3n\/Zona Roja. Oaxaca de Ju\u00e1rez, Oax., 27 de septiembre de 2020.- Con mil 114 casos&hellip;<\/p>\n","protected":false},"author":2,"featured_media":18119,"comment_status":"closed","ping_status":"open","sticky":false,"template":"","format":"standard","meta":{"_lmt_disableupdate":"","_lmt_disable":"","_jetpack_memberships_contains_paid_content":false,"footnotes":""},"categories":[109,47],"tags":[1512],"class_list":["post-18118","post","type-post","status-publish","format-standard","has-post-thumbnail","hentry","category-minuto-a-minuto","category-zona-gris","tag-coronavirus-oaxaca"],"jetpack_featured_media_url":"https:\/\/zonaroja.com.mx\/wp-content\/uploads\/2020\/09\/2.jpeg","jetpack_sharing_enabled":true,"_links":{"self":[{"href":"https:\/\/zonaroja.com.mx\/index.php?rest_route=\/wp\/v2\/posts\/18118","targetHints":{"allow":["GET"]}}],"collection":[{"href":"https:\/\/zonaroja.com.mx\/index.php?rest_route=\/wp\/v2\/posts"}],"about":[{"href":"https:\/\/zonaroja.com.mx\/index.php?rest_route=\/wp\/v2\/types\/post"}],"author":[{"embeddable":true,"href":"https:\/\/zonaroja.com.mx\/index.php?rest_route=\/wp\/v2\/users\/2"}],"replies":[{"embeddable":true,"href":"https:\/\/zonaroja.com.mx\/index.php?rest_route=%2Fwp%2Fv2%2Fcomments&post=18118"}],"version-history":[{"count":1,"href":"https:\/\/zonaroja.com.mx\/index.php?rest_route=\/wp\/v2\/posts\/18118\/revisions"}],"predecessor-version":[{"id":18120,"href":"https:\/\/zonaroja.com.mx\/index.php?rest_route=\/wp\/v2\/posts\/18118\/revisions\/18120"}],"wp:featuredmedia":[{"embeddable":true,"href":"https:\/\/zonaroja.com.mx\/index.php?rest_route=\/wp\/v2\/media\/18119"}],"wp:attachment":[{"href":"https:\/\/zonaroja.com.mx\/index.php?rest_route=%2Fwp%2Fv2%2Fmedia&parent=18118"}],"wp:term":[{"taxonomy":"category","embeddable":true,"href":"https:\/\/zonaroja.com.mx\/index.php?rest_route=%2Fwp%2Fv2%2Fcategories&post=18118"},{"taxonomy":"post_tag","embeddable":true,"href":"https:\/\/zonaroja.com.mx\/index.php?rest_route=%2Fwp%2Fv2%2Ftags&post=18118"}],"curies":[{"name":"wp","href":"https:\/\/api.w.org\/{rel}","templated":true}]}}