{"id":18122,"date":"2020-09-28T07:27:31","date_gmt":"2020-09-28T12:27:31","guid":{"rendered":"http:\/\/www.zonaroja.com.mx\/?p=18122"},"modified":"2020-09-28T07:27:35","modified_gmt":"2020-09-28T12:27:35","slug":"identifican-a-mujer-asesinada-en-xoxocotlan-su-hija-de-tres-anos-se-salvo","status":"publish","type":"post","link":"https:\/\/zonaroja.com.mx\/?p=18122","title":{"rendered":"Identifican a mujer asesinada en Xoxocotl\u00e1n; su hija de tres a\u00f1os se salv\u00f3"},"content":{"rendered":"\n<p>Ismael Garc\u00eda M.\/Zona Roja.<\/p>\n\n\n\n<p>Oaxaca de Ju\u00e1rez, Oax., 28 de septiembre de 2020.- Como Rosa J. R., de 34 a\u00f1os de edad, fue identificada la mujer asesinada ayer al mediod\u00eda en Santa Cruz Xoxocotl\u00e1n, hechos sangrientos en que salv\u00f3 la vida su hija de tres a\u00f1os de edad, mientras que su esposo, Rom\u00e1n Ren\u00e9 O. G., de 34 a\u00f1os, result\u00f3 herido y trasladado a un hospital.<\/p>\n\n\n\n<p>Como se inform\u00f3, el ataque armado ocurri\u00f3 en la calle Miguel Dom\u00ednguez esquina con privada de Benito Ju\u00e1rez, de la colonia Primera Ampliaci\u00f3n, cuando bajaban de su veh\u00edculo tipo Pointer, marca Volkswagen, con placas de circulaci\u00f3n MSE-5393 de Oaxaca.<\/p>\n\n\n\n<p>Presuntamente los autores del presunto feminicidio fueron dos individuos que viajaban a bordo de una motocicleta, quienes dispararon de manera directa en contra de la familia; la mujer recibi\u00f3 al menos ocho disparos de arma de fuego.<\/p>\n\n\n\n<p>Ten\u00edan su domicilio en la colonia Reforma Agraria de Santa Cruz Xoxocotl\u00e1n, colindante con la ciudad de Oaxaca por la zona sur, y al parecer son familiares de un dirigente de transportistas en la zona, lo cual no se ha confirmado oficialmente.<\/p>\n\n\n\n<figure class=\"wp-block-embed-twitter wp-block-embed is-type-rich is-provider-twitter\"><div class=\"wp-block-embed__wrapper\">\n<div class=\"twitter-tweet\"><blockquote class=\"twitter-tweet\" data-lang=\"es\"><p lang=\"es\" dir=\"ltr\"><a href=\"https:\/\/twitter.com\/hashtag\/%C3%9AltimoMinuto?src=hash&amp;ref_src=twsrc%5Etfw\">#\u00daltimoMinuto<\/a> <br>Fue en la colonia Primera Ampliaci\u00f3n de Santa Cruz <a href=\"https:\/\/twitter.com\/hashtag\/Xoxocotl%C3%A1n?src=hash&amp;ref_src=twsrc%5Etfw\">#Xoxocotl\u00e1n<\/a>, <a href=\"https:\/\/twitter.com\/hashtag\/Oaxaca?src=hash&amp;ref_src=twsrc%5Etfw\">#Oaxaca<\/a>, en que ocurri\u00f3 el probable <a href=\"https:\/\/twitter.com\/hashtag\/feminicidio?src=hash&amp;ref_src=twsrc%5Etfw\">#feminicidio<\/a> y la agresi\u00f3n armada a un individuo, presuntamente relacionados con un dirigente local de transportistas. <a href=\"https:\/\/t.co\/71qdrpP9kw\">pic.twitter.com\/71qdrpP9kw<\/a><\/p>&mdash; Zona Roja Oaxaca (@MexRoja) <a href=\"https:\/\/twitter.com\/MexRoja\/status\/1310310627840348161?ref_src=twsrc%5Etfw\">27 de septiembre de 2020<\/a><\/blockquote><\/div>\n<\/div><\/figure>\n","protected":false},"excerpt":{"rendered":"<p>Ismael Garc\u00eda M.\/Zona Roja. Oaxaca de Ju\u00e1rez, Oax., 28 de septiembre de 2020.- Como Rosa&hellip;<\/p>\n","protected":false},"author":2,"featured_media":18123,"comment_status":"closed","ping_status":"open","sticky":false,"template":"","format":"standard","meta":{"_lmt_disableupdate":"","_lmt_disable":"","_jetpack_memberships_contains_paid_content":false,"footnotes":""},"categories":[109,51],"tags":[610],"class_list":["post-18122","post","type-post","status-publish","format-standard","has-post-thumbnail","hentry","category-minuto-a-minuto","category-zona-roja","tag-feminicidios-oaxaca"],"jetpack_featured_media_url":"https:\/\/zonaroja.com.mx\/wp-content\/uploads\/2020\/09\/Mujer-asesinada-en-Xoxocotlan.png","jetpack_sharing_enabled":true,"_links":{"self":[{"href":"https:\/\/zonaroja.com.mx\/index.php?rest_route=\/wp\/v2\/posts\/18122","targetHints":{"allow":["GET"]}}],"collection":[{"href":"https:\/\/zonaroja.com.mx\/index.php?rest_route=\/wp\/v2\/posts"}],"about":[{"href":"https:\/\/zonaroja.com.mx\/index.php?rest_route=\/wp\/v2\/types\/post"}],"author":[{"embeddable":true,"href":"https:\/\/zonaroja.com.mx\/index.php?rest_route=\/wp\/v2\/users\/2"}],"replies":[{"embeddable":true,"href":"https:\/\/zonaroja.com.mx\/index.php?rest_route=%2Fwp%2Fv2%2Fcomments&post=18122"}],"version-history":[{"count":1,"href":"https:\/\/zonaroja.com.mx\/index.php?rest_route=\/wp\/v2\/posts\/18122\/revisions"}],"predecessor-version":[{"id":18124,"href":"https:\/\/zonaroja.com.mx\/index.php?rest_route=\/wp\/v2\/posts\/18122\/revisions\/18124"}],"wp:featuredmedia":[{"embeddable":true,"href":"https:\/\/zonaroja.com.mx\/index.php?rest_route=\/wp\/v2\/media\/18123"}],"wp:attachment":[{"href":"https:\/\/zonaroja.com.mx\/index.php?rest_route=%2Fwp%2Fv2%2Fmedia&parent=18122"}],"wp:term":[{"taxonomy":"category","embeddable":true,"href":"https:\/\/zonaroja.com.mx\/index.php?rest_route=%2Fwp%2Fv2%2Fcategories&post=18122"},{"taxonomy":"post_tag","embeddable":true,"href":"https:\/\/zonaroja.com.mx\/index.php?rest_route=%2Fwp%2Fv2%2Ftags&post=18122"}],"curies":[{"name":"wp","href":"https:\/\/api.w.org\/{rel}","templated":true}]}}