{"id":18136,"date":"2020-09-28T15:07:36","date_gmt":"2020-09-28T20:07:36","guid":{"rendered":"http:\/\/www.zonaroja.com.mx\/?p=18136"},"modified":"2020-09-28T15:07:40","modified_gmt":"2020-09-28T20:07:40","slug":"protestan-en-fiscalia-en-huajuapan-para-exigir-justicia-por-joven-desaparecida","status":"publish","type":"post","link":"https:\/\/zonaroja.com.mx\/?p=18136","title":{"rendered":"Protestan en Fiscal\u00eda en Huajuapan para exigir justicia por joven desaparecida"},"content":{"rendered":"\n<p>Yuridiana Sosa\/Zona Roja.<\/p>\n\n\n\n<p>Oaxaca de Ju\u00e1rez, Oax., 28 de septiembre de 2020.- Familiares, amigos e integrantes de organizaciones feministas protestaron en las oficinas de la Vicefiscal\u00eda Regional de la Mixteca &#8211;de la Fiscal\u00eda General del Estado&#8211; en Huajuapan de Le\u00f3n, a fin de exigir sentencia condenatoria para el presunto responsable de la desaparici\u00f3n de Joselyn Alejandra Vargas Ortiz.<\/p>\n\n\n\n<p>El pasado 23 de septiembre fue detenido V\u00edctor Daniel T. S. como el presunto culpable por la desaparici\u00f3n de la joven de 24 a\u00f1os de edad, ocurrida el pasado 28 de agosto del 2018 en la colonia Tepeyac del municipio de Huajuapan, en la regi\u00f3n Mixteca.<\/p>\n\n\n\n<p>Ante el inicio de las audiencias, los familiares e integrantes de las organizaciones \u201cMarea Verde\u201d e \u201cHijas de la Luna\u201d comenzaron con una nueva jornada de protestas para demandar a los jueces que se aplique la ley y se alcance justicia.<\/p>\n\n\n\n<figure class=\"wp-block-embed-twitter wp-block-embed is-type-rich is-provider-twitter\"><div class=\"wp-block-embed__wrapper\">\n<div class=\"twitter-tweet\"><blockquote class=\"twitter-tweet\" data-lang=\"es\"><p lang=\"es\" dir=\"ltr\"><a href=\"https:\/\/twitter.com\/hashtag\/%C3%9AltimoMinuto?src=hash&amp;ref_src=twsrc%5Etfw\">#\u00daltimoMinuto<\/a> <br>Familiares, amigos e integrantes de organizaciones feministas protestan en las oficinas de la Vicefiscal\u00eda Regional de la Mixteca en Huajuapan de Le\u00f3n, para exigir sentencia condenatoria para el presunto responsable de la desaparici\u00f3n de Joselyn Alejandra. <a href=\"https:\/\/t.co\/r6MOG5GVJQ\">pic.twitter.com\/r6MOG5GVJQ<\/a><\/p>&mdash; Zona Roja Oaxaca (@MexRoja) <a href=\"https:\/\/twitter.com\/MexRoja\/status\/1310653304960159746?ref_src=twsrc%5Etfw\">28 de septiembre de 2020<\/a><\/blockquote><\/div>\n<\/div><\/figure>\n\n\n\n<p>Vargas Ortiz sigue sin ser localizada a m\u00e1s de dos a\u00f1os de su desaparici\u00f3n; en septiembre de 2018, a menos de un mes del evento, la Fiscal\u00eda de Oaxaca inform\u00f3 la desactivaci\u00f3n de la Alerta Rosa por su desaparici\u00f3n y se continuar\u00eda con otros mecanismos de investigaci\u00f3n.<\/p>\n\n\n\n<p>Por su caso, en mayo de 2019, a casi nueve meses de los hechos, se llev\u00f3 a cabo un operativo de rastreo luego que se report\u00f3 el hallazgo de restos humanos, presuntamente de la joven.<\/p>\n\n\n\n<p>Los familiares en ese entonces indicaron que no ten\u00edan informaci\u00f3n de que el cuerpo sin vida se tratara de su hija, para quien siguen en exigencia de localizaci\u00f3n y justicia.<\/p>\n\n\n\n<p>Por esa raz\u00f3n, y tambi\u00e9n para demandar justicia por m\u00e1s mujeres desaparecidas, protestaron hoy en oficinas de la Fiscal\u00eda General del Estado en dicha regi\u00f3n.<\/p>\n","protected":false},"excerpt":{"rendered":"<p>Yuridiana Sosa\/Zona Roja. Oaxaca de Ju\u00e1rez, Oax., 28 de septiembre de 2020.- Familiares, amigos e&hellip;<\/p>\n","protected":false},"author":2,"featured_media":18137,"comment_status":"closed","ping_status":"open","sticky":false,"template":"","format":"standard","meta":{"_lmt_disableupdate":"","_lmt_disable":"","_jetpack_memberships_contains_paid_content":false,"footnotes":""},"categories":[109,47],"tags":[2056],"class_list":["post-18136","post","type-post","status-publish","format-standard","has-post-thumbnail","hentry","category-minuto-a-minuto","category-zona-gris","tag-joselyn-alejandra-vargas-ortiz"],"jetpack_featured_media_url":"https:\/\/zonaroja.com.mx\/wp-content\/uploads\/2020\/09\/Protesta-feministas-Huajuapan.jpg","jetpack_sharing_enabled":true,"_links":{"self":[{"href":"https:\/\/zonaroja.com.mx\/index.php?rest_route=\/wp\/v2\/posts\/18136","targetHints":{"allow":["GET"]}}],"collection":[{"href":"https:\/\/zonaroja.com.mx\/index.php?rest_route=\/wp\/v2\/posts"}],"about":[{"href":"https:\/\/zonaroja.com.mx\/index.php?rest_route=\/wp\/v2\/types\/post"}],"author":[{"embeddable":true,"href":"https:\/\/zonaroja.com.mx\/index.php?rest_route=\/wp\/v2\/users\/2"}],"replies":[{"embeddable":true,"href":"https:\/\/zonaroja.com.mx\/index.php?rest_route=%2Fwp%2Fv2%2Fcomments&post=18136"}],"version-history":[{"count":1,"href":"https:\/\/zonaroja.com.mx\/index.php?rest_route=\/wp\/v2\/posts\/18136\/revisions"}],"predecessor-version":[{"id":18138,"href":"https:\/\/zonaroja.com.mx\/index.php?rest_route=\/wp\/v2\/posts\/18136\/revisions\/18138"}],"wp:featuredmedia":[{"embeddable":true,"href":"https:\/\/zonaroja.com.mx\/index.php?rest_route=\/wp\/v2\/media\/18137"}],"wp:attachment":[{"href":"https:\/\/zonaroja.com.mx\/index.php?rest_route=%2Fwp%2Fv2%2Fmedia&parent=18136"}],"wp:term":[{"taxonomy":"category","embeddable":true,"href":"https:\/\/zonaroja.com.mx\/index.php?rest_route=%2Fwp%2Fv2%2Fcategories&post=18136"},{"taxonomy":"post_tag","embeddable":true,"href":"https:\/\/zonaroja.com.mx\/index.php?rest_route=%2Fwp%2Fv2%2Ftags&post=18136"}],"curies":[{"name":"wp","href":"https:\/\/api.w.org\/{rel}","templated":true}]}}