{"id":18139,"date":"2020-09-28T15:56:51","date_gmt":"2020-09-28T20:56:51","guid":{"rendered":"http:\/\/www.zonaroja.com.mx\/?p=18139"},"modified":"2020-09-28T15:56:55","modified_gmt":"2020-09-28T20:56:55","slug":"denuncian-muerte-materna-en-hospital-de-soyaltepec-van-24-casos-en-oaxaca","status":"publish","type":"post","link":"https:\/\/zonaroja.com.mx\/?p=18139","title":{"rendered":"Denuncian muerte materna en hospital de Soyaltepec; van 24 casos en Oaxaca"},"content":{"rendered":"\n<p>Yuridiana Sosa\/Zona Roja.<\/p>\n\n\n\n<p>San Juan Bautista Tuxtepec, Oax., 28 de septiembre de 2020.- Una mujer de 29 a\u00f1os de edad, perdi\u00f3 la vida en el Hospital B\u00e1sico Comunitaria de San Miguel Soyaltepec, en la regi\u00f3n de la Cuenca, mientras era atendida de complicaciones derivadas de un embarazo ect\u00f3pico (fuera del \u00fatero).<\/p>\n\n\n\n<p>Personal al interior del nosocomio, donde adem\u00e1s s\u00f3lo laboraron dos m\u00e9dicos el d\u00eda del hecho, revel\u00f3 que el pasado 25 de septiembre, la joven identificada como R. M. M lleg\u00f3 con un diagn\u00f3stico grave luego de sufrir diversas dificultades por m\u00e1s de seis horas.<\/p>\n\n\n\n<p>La paciente, originaria de la comunidad de Cerro Laguna, del municipio vecino de San Jos\u00e9 Independencia, arrib\u00f3 en compa\u00f1\u00eda de su esposo alrededor de las 18:00 horas, con un cuadro de choque hipovol\u00e9mico (p\u00e9rdida grave de sangre o de otro l\u00edquido), inconsciente, con palidez, sin est\u00edmulos verbales, por lo que fue auxiliada con ox\u00edgeno, pero no sobrevivi\u00f3, detall\u00f3 el personal m\u00e9dico.<\/p>\n\n\n\n<p>La joven habr\u00eda comenzado con dolores intensos en el abdomen cerca del mediod\u00eda de ese 25 de septiembre mientras se encontraba en su domicilio; alrededor de las 15:00 horas fue atendida por un m\u00e9dico particular, pero al no registrar mejoras fue llevada al nosocomio.<\/p>\n\n\n\n<p>Sin embargo, debido a algunos conflictos internos en el hospital, dependiente de los Servicios de Salud de Oaxaca, ese d\u00eda se retir\u00f3 la mayor\u00eda del personal y s\u00f3lo se encontraba un m\u00e9dico general de guardia y el m\u00e9dico cirujano rural.<\/p>\n\n\n\n<p>De acuerdo con el Informe Semanal de Notificaci\u00f3n Inmediata de Muerte Materna, de la Secretar\u00eda de Salud en M\u00e9xico, a la semana 38, Oaxaca acumula un total de 24 defunciones de mujeres relacionadas a muertes maternas.<\/p>\n\n\n\n<p>De estas muertes, 10 se registraron en hospitales estatales de los Servicios de Salud, cinco en el IMSS y 2 en el ISSSTE; uno en IMSS Bienestar y otro en particular, adem\u00e1s de cinco sin datos.<\/p>\n\n\n\n<p>Oaxaca tambi\u00e9n se encuentra entre las entidades que presentan una Raz\u00f3n de Muerte Materna (RMM), mayor a la nacional, de 46.7 contra 44.8.<\/p>\n\n\n\n<p>REALIZAN PROTESTA<\/p>\n\n\n\n<p>Este lunes, integrantes de la Organizaci\u00f3n Mexicana de Comunidades Ind\u00edgenas (OMCI) se manifestaron y tomaron las instalaciones del Hospital B\u00e1sico Comunitario del municipio de San Miguel Soyaltepec para exigir la destituci\u00f3n del personal y justicia para la familia de la joven mujer v\u00edctima, adem\u00e1s denunciaron constantes faltas de atenci\u00f3n m\u00e9dicas adecuadas en este nosocomio.<\/p>\n","protected":false},"excerpt":{"rendered":"<p>Yuridiana Sosa\/Zona Roja. San Juan Bautista Tuxtepec, Oax., 28 de septiembre de 2020.- Una mujer&hellip;<\/p>\n","protected":false},"author":2,"featured_media":18140,"comment_status":"closed","ping_status":"open","sticky":false,"template":"","format":"standard","meta":{"_lmt_disableupdate":"","_lmt_disable":"","_jetpack_memberships_contains_paid_content":false,"footnotes":""},"categories":[109,47],"tags":[2057,2058],"class_list":["post-18139","post","type-post","status-publish","format-standard","has-post-thumbnail","hentry","category-minuto-a-minuto","category-zona-gris","tag-hospital-basico-comunitario-san-miguel-soyaltepec","tag-muertes-maternas-oaxaca"],"jetpack_featured_media_url":"https:\/\/zonaroja.com.mx\/wp-content\/uploads\/2020\/09\/Protesta-Temascal-Soyaltepec.jpg","jetpack_sharing_enabled":true,"_links":{"self":[{"href":"https:\/\/zonaroja.com.mx\/index.php?rest_route=\/wp\/v2\/posts\/18139","targetHints":{"allow":["GET"]}}],"collection":[{"href":"https:\/\/zonaroja.com.mx\/index.php?rest_route=\/wp\/v2\/posts"}],"about":[{"href":"https:\/\/zonaroja.com.mx\/index.php?rest_route=\/wp\/v2\/types\/post"}],"author":[{"embeddable":true,"href":"https:\/\/zonaroja.com.mx\/index.php?rest_route=\/wp\/v2\/users\/2"}],"replies":[{"embeddable":true,"href":"https:\/\/zonaroja.com.mx\/index.php?rest_route=%2Fwp%2Fv2%2Fcomments&post=18139"}],"version-history":[{"count":1,"href":"https:\/\/zonaroja.com.mx\/index.php?rest_route=\/wp\/v2\/posts\/18139\/revisions"}],"predecessor-version":[{"id":18141,"href":"https:\/\/zonaroja.com.mx\/index.php?rest_route=\/wp\/v2\/posts\/18139\/revisions\/18141"}],"wp:featuredmedia":[{"embeddable":true,"href":"https:\/\/zonaroja.com.mx\/index.php?rest_route=\/wp\/v2\/media\/18140"}],"wp:attachment":[{"href":"https:\/\/zonaroja.com.mx\/index.php?rest_route=%2Fwp%2Fv2%2Fmedia&parent=18139"}],"wp:term":[{"taxonomy":"category","embeddable":true,"href":"https:\/\/zonaroja.com.mx\/index.php?rest_route=%2Fwp%2Fv2%2Fcategories&post=18139"},{"taxonomy":"post_tag","embeddable":true,"href":"https:\/\/zonaroja.com.mx\/index.php?rest_route=%2Fwp%2Fv2%2Ftags&post=18139"}],"curies":[{"name":"wp","href":"https:\/\/api.w.org\/{rel}","templated":true}]}}