{"id":1814,"date":"2019-06-24T20:51:01","date_gmt":"2019-06-25T01:51:01","guid":{"rendered":"http:\/\/www.zonaroja.com.mx\/?p=1814"},"modified":"2019-06-24T20:51:04","modified_gmt":"2019-06-25T01:51:04","slug":"el-voto-que-hicimos-por-ti-esta-dejando-sin-sustento-a-nuestras-familias","status":"publish","type":"post","link":"https:\/\/zonaroja.com.mx\/?p=1814","title":{"rendered":"\u201cEl voto que hicimos por ti est\u00e1 dejando sin sustento a nuestras familias\u201d"},"content":{"rendered":"\n<p>Ismael\nGarc\u00eda M.<\/p>\n\n\n\n<p>Oaxaca de\nJu\u00e1rez, Oax., 24 de junio de 2019.- Por segundo d\u00eda, trabajadores de Caminos y\nPuentes Federales (Capufe) protestaron hoy para exigir al gobierno de Andr\u00e9s\nManuel L\u00f3pez Obrador, que no cierre la gerencia Oaxaca de ese organismo, pues\ncerrar\u00edan fuentes de empleo.<\/p>\n\n\n\n<p>\u201cEl voto que hicimos por ti est\u00e1 dejando sin sustento a nuestras familias\u201d, recriminaron al Presidente de M\u00e9xico en una lona que exhibieron en el acceso lateral oriente del Palacio de Gobierno, para pedir audiencia con el titular del Ejecutivo estatal.<\/p>\n\n\n\n<figure class=\"wp-block-embed-twitter wp-block-embed is-type-rich is-provider-twitter\"><div class=\"wp-block-embed__wrapper\">\n<div class=\"twitter-tweet\"><blockquote class=\"twitter-tweet\" data-lang=\"es\"><p lang=\"es\" dir=\"ltr\"><a href=\"https:\/\/twitter.com\/hashtag\/OaxacaGris?src=hash&amp;ref_src=twsrc%5Etfw\">#OaxacaGris<\/a><br>\u201cNo est\u00e1n haciendo una revisi\u00f3n, simplemente est\u00e1n haciendo un recorte de personal, a nosotros se nos hace injusto&#8230;\u201d: la queja de trabajadores de <a href=\"https:\/\/twitter.com\/CAPUFE?ref_src=twsrc%5Etfw\">@CAPUFE<\/a> <a href=\"https:\/\/twitter.com\/hashtag\/Oaxaca?src=hash&amp;ref_src=twsrc%5Etfw\">#Oaxaca<\/a>. <a href=\"https:\/\/t.co\/C4WBC0dr4K\">pic.twitter.com\/C4WBC0dr4K<\/a><\/p>&mdash; Zona Roja Oaxaca (@MexRoja) <a href=\"https:\/\/twitter.com\/MexRoja\/status\/1143327208251023367?ref_src=twsrc%5Etfw\">25 de junio de 2019<\/a><\/blockquote><\/div>\n<\/div><\/figure>\n\n\n\n<p>El s\u00e1bado,\nlos empleados efectuaron una protesta en las oficinas que se ubican en el\nentronque de la supercarretera Oaxaca-Cuacnopalan, donde denunciaron que al\nmenos 60 empleados est\u00e1n en riesgo. <\/p>\n\n\n\n<p>A la fecha,\nno hay respuesta de las autoridades a nivel nacional; \u00fanicamente les han\ninformado que hay una reestructuraci\u00f3n de Capufe, con la transformaci\u00f3n en\nalgunos casos de superintendencias y desaparici\u00f3n de gerencias, como es el caso\nde Oaxaca, seg\u00fan informaron en conferencia de prensa.<\/p>\n","protected":false},"excerpt":{"rendered":"<p>Ismael Garc\u00eda M. Oaxaca de Ju\u00e1rez, Oax., 24 de junio de 2019.- Por segundo d\u00eda,&hellip;<\/p>\n","protected":false},"author":2,"featured_media":1815,"comment_status":"closed","ping_status":"open","sticky":false,"template":"","format":"standard","meta":{"_lmt_disableupdate":"","_lmt_disable":"","_jetpack_memberships_contains_paid_content":false,"footnotes":""},"categories":[109,47],"tags":[143,194,222,221],"class_list":["post-1814","post","type-post","status-publish","format-standard","has-post-thumbnail","hentry","category-minuto-a-minuto","category-zona-gris","tag-andres-manuel-lopez-obrador","tag-capufe","tag-palacio-de-gobierno","tag-protesta-trabajadores"],"jetpack_featured_media_url":"https:\/\/zonaroja.com.mx\/wp-content\/uploads\/2019\/06\/IMG_2892.jpg","jetpack_sharing_enabled":true,"_links":{"self":[{"href":"https:\/\/zonaroja.com.mx\/index.php?rest_route=\/wp\/v2\/posts\/1814","targetHints":{"allow":["GET"]}}],"collection":[{"href":"https:\/\/zonaroja.com.mx\/index.php?rest_route=\/wp\/v2\/posts"}],"about":[{"href":"https:\/\/zonaroja.com.mx\/index.php?rest_route=\/wp\/v2\/types\/post"}],"author":[{"embeddable":true,"href":"https:\/\/zonaroja.com.mx\/index.php?rest_route=\/wp\/v2\/users\/2"}],"replies":[{"embeddable":true,"href":"https:\/\/zonaroja.com.mx\/index.php?rest_route=%2Fwp%2Fv2%2Fcomments&post=1814"}],"version-history":[{"count":1,"href":"https:\/\/zonaroja.com.mx\/index.php?rest_route=\/wp\/v2\/posts\/1814\/revisions"}],"predecessor-version":[{"id":1816,"href":"https:\/\/zonaroja.com.mx\/index.php?rest_route=\/wp\/v2\/posts\/1814\/revisions\/1816"}],"wp:featuredmedia":[{"embeddable":true,"href":"https:\/\/zonaroja.com.mx\/index.php?rest_route=\/wp\/v2\/media\/1815"}],"wp:attachment":[{"href":"https:\/\/zonaroja.com.mx\/index.php?rest_route=%2Fwp%2Fv2%2Fmedia&parent=1814"}],"wp:term":[{"taxonomy":"category","embeddable":true,"href":"https:\/\/zonaroja.com.mx\/index.php?rest_route=%2Fwp%2Fv2%2Fcategories&post=1814"},{"taxonomy":"post_tag","embeddable":true,"href":"https:\/\/zonaroja.com.mx\/index.php?rest_route=%2Fwp%2Fv2%2Ftags&post=1814"}],"curies":[{"name":"wp","href":"https:\/\/api.w.org\/{rel}","templated":true}]}}