{"id":18142,"date":"2020-09-28T16:24:45","date_gmt":"2020-09-28T21:24:45","guid":{"rendered":"http:\/\/www.zonaroja.com.mx\/?p=18142"},"modified":"2020-09-28T16:24:48","modified_gmt":"2020-09-28T21:24:48","slug":"denuncian-maltrato-a-menores-con-discapacidad-en-cam-de-tamazulapam","status":"publish","type":"post","link":"https:\/\/zonaroja.com.mx\/?p=18142","title":{"rendered":"Denuncian maltrato a menores con discapacidad en CAM de Tamazul\u00e1pam"},"content":{"rendered":"\n<p>Evlin Arag\u00f3n\/Zona Roja.<\/p>\n\n\n\n<p>Oaxaca de Ju\u00e1rez, Oax., 28 de septiembre de 2020.- Madres y padres de menores de edad con discapacidad se apersonaron a las afueras del Palacio de Gobierno, en la capital de Oaxaca, para denunciar el maltrato f\u00edsico y emocional del que son v\u00edctimas las ni\u00f1as y ni\u00f1os matriculados en el Centro de Atenci\u00f3n M\u00faltiple (CAM) 24 del municipio de Tamazul\u00e1pan del Progreso.&nbsp;<\/p>\n\n\n\n<p>Acudieron a la ciudad debido a que nadie le ha dado seguimiento a la denuncia que han hecho p\u00fablica a las autoridades del Instituto Estatal de Educaci\u00f3n P\u00fablica de Oaxaca, incluso del propio Gobernador del Estado, mediante una carta que le entregaron en una de sus giras, en donde hacen de su conocimiento la discriminaci\u00f3n y maltrato del que son v\u00edctimas las y los menores.<\/p>\n\n\n\n<p>As\u00ed lo informaron este lunes en conferencia de prensa, en donde evidenciaron golpes, pellizcos, empujones y maltrato emocional en contra de quienes, debido a sus condiciones f\u00edsicas y neurol\u00f3gicas, no se pueden defender, todo ello bajo el argumento de las docentes de estar muy bien \u201capadrinadas\u201d por las autoridades estatales.&nbsp;<\/p>\n\n\n\n<p>De lo anterior responsabilizaron a la directora del plantel Griselda Arroyo L\u00f3pez, a quien acusaron de d\u00e9spota, amenazante y omisa en sus funciones, pues ha permitido que personal segregue y lastime a sus hijas e hijos, que independientemente de enfrentar una discapacidad, tambi\u00e9n viven violencia al interior del CAM 24.&nbsp;<\/p>\n\n\n\n<p>\u201cLes han puesto cinta canela en su boca para que ellos no hagan ruido, y pues nuestros hijos padecen de discapacidad intelectual, par\u00e1lisis cerebral, discapacidad motriz y autismo a quienes les gritan no les tienen paciencia, tienen un trato denigrante por su condici\u00f3n\u201d, refieren en la denuncia escrita que distribuyeron a los medios de comunicaci\u00f3n.<\/p>\n\n\n\n<figure class=\"wp-block-embed-twitter wp-block-embed is-type-rich is-provider-twitter\"><div class=\"wp-block-embed__wrapper\">\n<div class=\"twitter-tweet\"><blockquote class=\"twitter-tweet\" data-lang=\"es\"><p lang=\"es\" dir=\"ltr\"><a href=\"https:\/\/twitter.com\/hashtag\/ENVIVO?src=hash&amp;ref_src=twsrc%5Etfw\">#ENVIVO<\/a> <br>Oaxaca de Ju\u00e1rez, Oax., 28 de septiembre de 2020.- Padres de familia de Centro de Atenci\u00f3n M\u00faltiple de Tamazul\u00e1pam del Progreso denuncian malos tratos directivos y nula atenci\u00f3n del <a href=\"https:\/\/twitter.com\/IEEPOGobOax?ref_src=twsrc%5Etfw\">@IEEPOGobOax<\/a>. <br><br>Aqu\u00ed \ud83d\udc47  <a href=\"https:\/\/t.co\/2KAsxOLhH3\">https:\/\/t.co\/2KAsxOLhH3<\/a> <a href=\"https:\/\/t.co\/PInOzIykQE\">pic.twitter.com\/PInOzIykQE<\/a><\/p>&mdash; Zona Roja Oaxaca (@MexRoja) <a href=\"https:\/\/twitter.com\/MexRoja\/status\/1310595062192123906?ref_src=twsrc%5Etfw\">28 de septiembre de 2020<\/a><\/blockquote><\/div>\n<\/div><\/figure>\n\n\n\n<p>La violencia no s\u00f3lo ha sido en contra de las y los ni\u00f1os, sino tambi\u00e9n de algunas madres de familia que han encarado a la directora y han recibido ofensas y empujones; a la par que denuncian que \u00e9sta se ha apoderado de todo el material y equipo de la instituci\u00f3n con el argumento que tiene influencias con personal del Instituto Estatal de Educaci\u00f3n P\u00fablica de Oaxaca.&nbsp;<\/p>\n\n\n\n<p>Al respecto, denunciaron a Enrique Camarillo Ram\u00edrez y Juan Jos\u00e9 Ruiz Vel\u00e1squez, delegados del IEEPO, quienes pese a conocer de la situaci\u00f3n, se han puesto de lado de la directora, respaldado sus acciones y dici\u00e9ndole que si no les parece busquen otro lugar para sus hijos.&nbsp;<\/p>\n\n\n\n<p>\u201cNosotras pedimos maestras capacitadas, que tengan paciencia, porque las que est\u00e1n son docentes que no tienen siquiera el criterio. Son ni\u00f1os que necesitan cuidados especiales que no cualquiera puede darles. Necesitan una educaci\u00f3n digna con respeto y las docentes no la han dado\u201d, refirieron.&nbsp;&nbsp;<\/p>\n\n\n\n<p>Por lo anterior, solicitaron una reuni\u00f3n con el titular del IEEPO, Francisco \u00c1ngel Villarreal, a fin de que conozca la situaci\u00f3n y pueda darle atenci\u00f3n ya que, a m\u00e1s de siete meses de la reuni\u00f3n con el personal de la dependencia, nada ha cambiado en el lugar.<\/p>\n\n\n\n<p>\u201cSe comprometieron desde el mes de febrero a una investigaci\u00f3n en la cual dictaminar\u00edan en una semana, sin embargo, han pasado 10 meses, y no hay dictamen alguno, ni tampoco a pesar que ya inici\u00f3 el ciclo escolar no hemos tenido clases medios tecnol\u00f3gicos o alg\u00fan tipo de gu\u00eda para trabajar en casa con nuestros hijos\u201d, sentenciaron.&nbsp;<\/p>\n\n\n\n<p>Finalmente, dieron a conocer que tambi\u00e9n acudieron a la Defensor\u00eda de los Derechos Humanos del Pueblo de Oaxaca, en donde interpusieron la queja DDHPO-396- (23) \/OAXACA para pedir medidas cautelares, sin embargo, la instancia respondi\u00f3 que el IEEPO a\u00fan no ha dado repuesta a la solicitud de informaci\u00f3n.&nbsp;<\/p>\n","protected":false},"excerpt":{"rendered":"<p>Evlin Arag\u00f3n\/Zona Roja. Oaxaca de Ju\u00e1rez, Oax., 28 de septiembre de 2020.- Madres y padres&hellip;<\/p>\n","protected":false},"author":2,"featured_media":18143,"comment_status":"closed","ping_status":"open","sticky":false,"template":"","format":"standard","meta":{"_lmt_disableupdate":"","_lmt_disable":"","_jetpack_memberships_contains_paid_content":false,"footnotes":""},"categories":[109,47],"tags":[],"class_list":["post-18142","post","type-post","status-publish","format-standard","has-post-thumbnail","hentry","category-minuto-a-minuto","category-zona-gris"],"jetpack_featured_media_url":"https:\/\/zonaroja.com.mx\/wp-content\/uploads\/2020\/09\/Conferencia-CAM-Tamazulapam.jpg","jetpack_sharing_enabled":true,"_links":{"self":[{"href":"https:\/\/zonaroja.com.mx\/index.php?rest_route=\/wp\/v2\/posts\/18142","targetHints":{"allow":["GET"]}}],"collection":[{"href":"https:\/\/zonaroja.com.mx\/index.php?rest_route=\/wp\/v2\/posts"}],"about":[{"href":"https:\/\/zonaroja.com.mx\/index.php?rest_route=\/wp\/v2\/types\/post"}],"author":[{"embeddable":true,"href":"https:\/\/zonaroja.com.mx\/index.php?rest_route=\/wp\/v2\/users\/2"}],"replies":[{"embeddable":true,"href":"https:\/\/zonaroja.com.mx\/index.php?rest_route=%2Fwp%2Fv2%2Fcomments&post=18142"}],"version-history":[{"count":1,"href":"https:\/\/zonaroja.com.mx\/index.php?rest_route=\/wp\/v2\/posts\/18142\/revisions"}],"predecessor-version":[{"id":18144,"href":"https:\/\/zonaroja.com.mx\/index.php?rest_route=\/wp\/v2\/posts\/18142\/revisions\/18144"}],"wp:featuredmedia":[{"embeddable":true,"href":"https:\/\/zonaroja.com.mx\/index.php?rest_route=\/wp\/v2\/media\/18143"}],"wp:attachment":[{"href":"https:\/\/zonaroja.com.mx\/index.php?rest_route=%2Fwp%2Fv2%2Fmedia&parent=18142"}],"wp:term":[{"taxonomy":"category","embeddable":true,"href":"https:\/\/zonaroja.com.mx\/index.php?rest_route=%2Fwp%2Fv2%2Fcategories&post=18142"},{"taxonomy":"post_tag","embeddable":true,"href":"https:\/\/zonaroja.com.mx\/index.php?rest_route=%2Fwp%2Fv2%2Ftags&post=18142"}],"curies":[{"name":"wp","href":"https:\/\/api.w.org\/{rel}","templated":true}]}}