{"id":18145,"date":"2020-09-28T19:26:00","date_gmt":"2020-09-29T00:26:00","guid":{"rendered":"http:\/\/www.zonaroja.com.mx\/?p=18145"},"modified":"2020-09-28T19:26:05","modified_gmt":"2020-09-29T00:26:05","slug":"ambientalistas-de-coao-exigen-alto-a-la-venta-e-invasion-de-areas-naturales-en-oaxaca","status":"publish","type":"post","link":"https:\/\/zonaroja.com.mx\/?p=18145","title":{"rendered":"Ambientalistas de COAO exigen alto a la venta e invasi\u00f3n de \u00e1reas naturales en Oaxaca"},"content":{"rendered":"\n<p>Yuridiana Sosa\/Zona Roja.<\/p>\n\n\n\n<p>Oaxaca de Ju\u00e1rez, Oax., 28 de septiembre de 2020.-&nbsp; Activistas del Colectivo de Organizaciones Ambientalistas de Oaxaca (COAO) se manifestaron contra la venta de un predio en cerro del \u201cCrest\u00f3n\u201d en la capital de Oaxaca y denunciaron m\u00e1s invasiones en el \u00e1rea natural protegida del cerro del \u201cFort\u00edn\u201d.<\/p>\n\n\n\n<p>El grupo de defensores del medio ambiente se posicion\u00f3 contra la propuesta del presidente municipal de Oaxaca de Ju\u00e1rez, Oswaldo Garc\u00eda Jarqu\u00edn, de vender m\u00e1s de tres mil metros cuadrados de ese cerro, lo que es un atentado m\u00e1s contra las \u00e1reas verdes de la capital.<\/p>\n\n\n\n<p>Nasario Garc\u00eda se\u00f1al\u00f3 que aunque existe un decreto que delimita el pol\u00edgono en el \u00e1rea natural protegida que se ubica entre el cerro del \u201cFort\u00edn\u201d y del \u201cCrest\u00f3n\u201d, pareciera que las autoridades no dan un seguimiento real de lo que ocurre en esos espacios y la sociedad carece de informaci\u00f3n al respecto.<\/p>\n\n\n\n<p>Pues, denunci\u00f3, existen nuevas invasiones sobre el cerro del \u201cFort\u00edn\u201d de unas ocho hect\u00e1reas, lo que redujo a 40 hect\u00e1reas la zona cercana, sin que aparentemente las autoridades tengan conocimiento del hecho.<\/p>\n\n\n\n<figure class=\"wp-block-embed-twitter wp-block-embed is-type-rich is-provider-twitter\"><div class=\"wp-block-embed__wrapper\">\n<div class=\"twitter-tweet\"><blockquote class=\"twitter-tweet\" data-lang=\"es\"><p lang=\"es\" dir=\"ltr\"><a href=\"https:\/\/twitter.com\/hashtag\/ENVIVO?src=hash&amp;ref_src=twsrc%5Etfw\">#ENVIVO<\/a><br>Oaxaca de Ju\u00e1rez, Oax., 28 de septiembre de 2020.- Activistas del Colectivo Organizaciones Ambientalistas del Estado de Oaxaca (COAO) para protestar por la venta de un predio en el cerro del \u201cCrest\u00f3n\u201d y por la ca\u00edda de \u00e1rboles. <br><br>Aqu\u00ed transmisi\u00f3n:<a href=\"https:\/\/t.co\/SM89wPS8Qn\">https:\/\/t.co\/SM89wPS8Qn<\/a> <a href=\"https:\/\/t.co\/onjjap44ii\">pic.twitter.com\/onjjap44ii<\/a><\/p>&mdash; Zona Roja Oaxaca (@MexRoja) <a href=\"https:\/\/twitter.com\/MexRoja\/status\/1310604518959255552?ref_src=twsrc%5Etfw\">28 de septiembre de 2020<\/a><\/blockquote><\/div>\n<\/div><\/figure>\n\n\n\n<p>PLAN INTEGRAL PARA ARBOLADO<\/p>\n\n\n\n<p>Asimismo, integrantes del colectivo ambientalista expresaron su rechazo a la ejecuci\u00f3n de proyectos para reforestar el z\u00f3calo bajo \u201cocurrencias\u201d, pues indicaron que el \u00e1rbol de higo reci\u00e9n trasplantado en una de las jardineras podr\u00eda presentar da\u00f1os similares al Laurel que cay\u00f3.<\/p>\n\n\n\n<p>Indicaron que el arbolado urbano, tanto del z\u00f3calo como de otros parques, requieren de un programa integral para combatir plagas y sembrarlos de acuerdo a las caracter\u00edsticas del espacio y la especie.<\/p>\n\n\n\n<p>Nasario Garc\u00eda dijo que el higo no cuenta con el \u00e1rea suficiente para enraizarse, lo cual podr\u00eda ser un riesgo de caer con el paso del tiempo como ocurri\u00f3 con los laureles ca\u00eddos, de los que en su momento se\u00f1alaron hongos y bacterias que los enfermaban, sin recibir atenci\u00f3n de las autoridades.<\/p>\n\n\n\n<p>Agreg\u00f3 que el Gobierno del Estado ejecuta programas basados en ocurrencias e ignorando propuestas reales como en su momento lo plante\u00f3 el fallecido artista pl\u00e1stico y ambientalista Francisco Ver\u00e1stegui (impulsor del rescate de r\u00edos Salado y Atoyac) para plantar en las jardineras del z\u00f3calo arbolado end\u00e9mico de las regiones de Oaxaca, que pudieran adaptarse al ambiente de la plaza de la Constituci\u00f3n.<\/p>\n\n\n\n<figure class=\"wp-block-embed-twitter wp-block-embed is-type-rich is-provider-twitter\"><div class=\"wp-block-embed__wrapper\">\n<div class=\"twitter-tweet\"><blockquote class=\"twitter-tweet\" data-lang=\"es\"><p lang=\"es\" dir=\"ltr\"><a href=\"https:\/\/twitter.com\/hashtag\/%C3%9AltimoMinuto?src=hash&amp;ref_src=twsrc%5Etfw\">#\u00daltimoMinuto<\/a> <br>Ambientalistas reprocharon la siembra de una higuera, para reemplazar uno de los dos laureles ca\u00eddos por lluvias en el z\u00f3calo de la ciudad de <a href=\"https:\/\/twitter.com\/hashtag\/Oaxaca?src=hash&amp;ref_src=twsrc%5Etfw\">#Oaxaca<\/a>. <a href=\"https:\/\/t.co\/VB4Cv0MOtw\">pic.twitter.com\/VB4Cv0MOtw<\/a><\/p>&mdash; Zona Roja Oaxaca (@MexRoja) <a href=\"https:\/\/twitter.com\/MexRoja\/status\/1310609987027251200?ref_src=twsrc%5Etfw\">28 de septiembre de 2020<\/a><\/blockquote><\/div>\n<\/div><\/figure>\n","protected":false},"excerpt":{"rendered":"<p>Yuridiana Sosa\/Zona Roja. Oaxaca de Ju\u00e1rez, Oax., 28 de septiembre de 2020.-&nbsp; Activistas del Colectivo&hellip;<\/p>\n","protected":false},"author":2,"featured_media":18146,"comment_status":"closed","ping_status":"open","sticky":false,"template":"","format":"standard","meta":{"_lmt_disableupdate":"","_lmt_disable":"","_jetpack_memberships_contains_paid_content":false,"footnotes":""},"categories":[109,47],"tags":[1996],"class_list":["post-18145","post","type-post","status-publish","format-standard","has-post-thumbnail","hentry","category-minuto-a-minuto","category-zona-gris","tag-colectivo-de-organizaciones-ambientalistas-del-estado-de-oaxaca"],"jetpack_featured_media_url":"https:\/\/zonaroja.com.mx\/wp-content\/uploads\/2020\/09\/Protesta-ambientalistas-zocalo..png","jetpack_sharing_enabled":true,"_links":{"self":[{"href":"https:\/\/zonaroja.com.mx\/index.php?rest_route=\/wp\/v2\/posts\/18145","targetHints":{"allow":["GET"]}}],"collection":[{"href":"https:\/\/zonaroja.com.mx\/index.php?rest_route=\/wp\/v2\/posts"}],"about":[{"href":"https:\/\/zonaroja.com.mx\/index.php?rest_route=\/wp\/v2\/types\/post"}],"author":[{"embeddable":true,"href":"https:\/\/zonaroja.com.mx\/index.php?rest_route=\/wp\/v2\/users\/2"}],"replies":[{"embeddable":true,"href":"https:\/\/zonaroja.com.mx\/index.php?rest_route=%2Fwp%2Fv2%2Fcomments&post=18145"}],"version-history":[{"count":1,"href":"https:\/\/zonaroja.com.mx\/index.php?rest_route=\/wp\/v2\/posts\/18145\/revisions"}],"predecessor-version":[{"id":18147,"href":"https:\/\/zonaroja.com.mx\/index.php?rest_route=\/wp\/v2\/posts\/18145\/revisions\/18147"}],"wp:featuredmedia":[{"embeddable":true,"href":"https:\/\/zonaroja.com.mx\/index.php?rest_route=\/wp\/v2\/media\/18146"}],"wp:attachment":[{"href":"https:\/\/zonaroja.com.mx\/index.php?rest_route=%2Fwp%2Fv2%2Fmedia&parent=18145"}],"wp:term":[{"taxonomy":"category","embeddable":true,"href":"https:\/\/zonaroja.com.mx\/index.php?rest_route=%2Fwp%2Fv2%2Fcategories&post=18145"},{"taxonomy":"post_tag","embeddable":true,"href":"https:\/\/zonaroja.com.mx\/index.php?rest_route=%2Fwp%2Fv2%2Ftags&post=18145"}],"curies":[{"name":"wp","href":"https:\/\/api.w.org\/{rel}","templated":true}]}}