{"id":18148,"date":"2020-09-28T19:44:19","date_gmt":"2020-09-29T00:44:19","guid":{"rendered":"http:\/\/www.zonaroja.com.mx\/?p=18148"},"modified":"2020-09-28T19:44:22","modified_gmt":"2020-09-29T00:44:22","slug":"contagios-de-covid-incrementaron-en-100-en-un-mes-en-cuenca","status":"publish","type":"post","link":"https:\/\/zonaroja.com.mx\/?p=18148","title":{"rendered":"Contagios de Covid incrementaron en 100% en un mes en Cuenca"},"content":{"rendered":"\n<p>Yuridiana Sosa\/Zona Roja.<\/p>\n\n\n\n<p>San Juan Bautista Tuxtepec, Oax., 28 de septiembre de 2020.- En el transcurso de un mes, entre agosto y septiembre, el n\u00famero de casos activos de Covid-19 en la regi\u00f3n de la Cuenca se duplic\u00f3, de acuerdo con las estad\u00edsticas del reporte t\u00e9cnico de los Servicios de Salud de Oaxaca (SSO).<\/p>\n\n\n\n<p>La Jurisdicci\u00f3n n\u00famero 03 de los SSO acumul\u00f3 mil 688 contagios y 243 defunciones por SARS-Cov-2, de acuerdo al reporte de este 27 de septiembre, donde tambi\u00e9n se dio a conocer que se manten\u00edan activos 20 casos.<\/p>\n\n\n\n<p>En esa misma fecha, pero en el mes de agosto, la Secretar\u00eda de Salud inform\u00f3 que en esta jurisdicci\u00f3n se manten\u00edan activos 10 casos de Covid-19, lo que para este mes la cifra actual representa un incremento del 100 por ciento.<\/p>\n\n\n\n<p>San Juan Bautista Tuxtepec es el municipio con mayor incidencia en la regi\u00f3n al norte de Oaxaca, que pas\u00f3 de mil 241 casos al corte del 27 de agosto, a mil 308 al reporte del 27 de septiembre, es decir, 67 nuevos casos, con un promedio de 2.2 nuevos pacientes diarios.<\/p>\n\n\n\n<p>A nivel estatal, existen a este inicio del sem\u00e1foro amarillo 724 casos activos en la entidad, con un total de 16 mil 646 contagios cumulados y mil 431 defunciones, lo que en contagios activos representa un incremento de un 80 por ciento en comparaci\u00f3n a los registrados el 27 de agosto, con 400 casos y mil 251 defunciones.<\/p>\n","protected":false},"excerpt":{"rendered":"<p>Yuridiana Sosa\/Zona Roja. San Juan Bautista Tuxtepec, Oax., 28 de septiembre de 2020.- En el&hellip;<\/p>\n","protected":false},"author":2,"featured_media":17970,"comment_status":"closed","ping_status":"open","sticky":false,"template":"","format":"standard","meta":{"_lmt_disableupdate":"","_lmt_disable":"","_jetpack_memberships_contains_paid_content":false,"footnotes":""},"categories":[109,47],"tags":[1512],"class_list":["post-18148","post","type-post","status-publish","format-standard","has-post-thumbnail","hentry","category-minuto-a-minuto","category-zona-gris","tag-coronavirus-oaxaca"],"jetpack_featured_media_url":"https:\/\/zonaroja.com.mx\/wp-content\/uploads\/2020\/09\/Vencio-al-Covid-Tuxtepec.jpg","jetpack_sharing_enabled":true,"_links":{"self":[{"href":"https:\/\/zonaroja.com.mx\/index.php?rest_route=\/wp\/v2\/posts\/18148","targetHints":{"allow":["GET"]}}],"collection":[{"href":"https:\/\/zonaroja.com.mx\/index.php?rest_route=\/wp\/v2\/posts"}],"about":[{"href":"https:\/\/zonaroja.com.mx\/index.php?rest_route=\/wp\/v2\/types\/post"}],"author":[{"embeddable":true,"href":"https:\/\/zonaroja.com.mx\/index.php?rest_route=\/wp\/v2\/users\/2"}],"replies":[{"embeddable":true,"href":"https:\/\/zonaroja.com.mx\/index.php?rest_route=%2Fwp%2Fv2%2Fcomments&post=18148"}],"version-history":[{"count":1,"href":"https:\/\/zonaroja.com.mx\/index.php?rest_route=\/wp\/v2\/posts\/18148\/revisions"}],"predecessor-version":[{"id":18149,"href":"https:\/\/zonaroja.com.mx\/index.php?rest_route=\/wp\/v2\/posts\/18148\/revisions\/18149"}],"wp:featuredmedia":[{"embeddable":true,"href":"https:\/\/zonaroja.com.mx\/index.php?rest_route=\/wp\/v2\/media\/17970"}],"wp:attachment":[{"href":"https:\/\/zonaroja.com.mx\/index.php?rest_route=%2Fwp%2Fv2%2Fmedia&parent=18148"}],"wp:term":[{"taxonomy":"category","embeddable":true,"href":"https:\/\/zonaroja.com.mx\/index.php?rest_route=%2Fwp%2Fv2%2Fcategories&post=18148"},{"taxonomy":"post_tag","embeddable":true,"href":"https:\/\/zonaroja.com.mx\/index.php?rest_route=%2Fwp%2Fv2%2Ftags&post=18148"}],"curies":[{"name":"wp","href":"https:\/\/api.w.org\/{rel}","templated":true}]}}