{"id":18150,"date":"2020-09-28T21:23:45","date_gmt":"2020-09-29T02:23:45","guid":{"rendered":"http:\/\/www.zonaroja.com.mx\/?p=18150"},"modified":"2020-09-28T21:23:50","modified_gmt":"2020-09-29T02:23:50","slug":"genera-edil-de-oaxaca-de-juarez-inconformidad-y-bloqueo-vial","status":"publish","type":"post","link":"https:\/\/zonaroja.com.mx\/?p=18150","title":{"rendered":"Genera edil de Oaxaca de Ju\u00e1rez inconformidad y bloqueo vial"},"content":{"rendered":"\n<p>Yuridiana Sosa\/Zona Roja.<\/p>\n\n\n\n<p>Oaxaca de Ju\u00e1rez, Oax., 28 de septiembre de 2020.- Un permiso que otorg\u00f3 el ayuntamiento de Oaxaca de Ju\u00e1rez que preside Oswaldo Garc\u00eda Jarqu\u00edn para la construcci\u00f3n de una plaza comercial, sin el consenso de los vecinos, gener\u00f3 un bloqueo a vialidades en la colindancia con el municipio de Santa Mar\u00eda Atzompa.<\/p>\n\n\n\n<p>Al mediod\u00eda, autoridades y habitantes de las agencias de San Mart\u00edn Mexic\u00e1pam y Montoya dieron una conferencia de prensa en rechazo a la construcci\u00f3n que el gobierno municipal de la capital autoriz\u00f3 sin consulta previa e informada para los asentamientos regidos por usos y costumbres.<\/p>\n\n\n\n<p>En unidad, los agentes de ambas agencias denunciaron que la instalaci\u00f3n de una nueva plaza denominada \u201cMonte Alb\u00e1n\u201d, en l\u00edmites de ambas zonas en la periferia de la capital, representa una serie de afectaciones como son colapso del drenaje pluvial, sanitario, inundaciones, congestionamiento vial, entre otros.<\/p>\n\n\n\n<p>Tras la conferencia, sostuvieron un encuentro con autoridades municipales, donde pidieron conocer el proyecto; sin embargo, al no recibir la atenci\u00f3n solicitada, los inconformes bloquearon avenidas importantes en la zona de ambas agencias para exigir que se detenga la construcci\u00f3n.<\/p>\n\n\n\n<figure class=\"wp-block-embed-twitter wp-block-embed is-type-rich is-provider-twitter\"><div class=\"wp-block-embed__wrapper\">\n<div class=\"twitter-tweet\"><blockquote class=\"twitter-tweet\" data-lang=\"es\"><p lang=\"es\" dir=\"ltr\"><a href=\"https:\/\/twitter.com\/hashtag\/ENVIVO?src=hash&amp;ref_src=twsrc%5Etfw\">#ENVIVO<\/a> <br>Oaxaca de Ju\u00e1rez, Oax., 28 de septiembre de 2020.- Autoridades de las agencias de Montoya y de San Mart\u00edn Mexic\u00e1pam denuncian autorizaci\u00f3n del edil <a href=\"https:\/\/twitter.com\/oswaldogarciaj?ref_src=twsrc%5Etfw\">@oswaldogarciaj<\/a> para la construcci\u00f3n de una plaza comercial, sin consenso de los habitantes. <br>\ud83d\udc47<a href=\"https:\/\/t.co\/gHmOdxxjE0\">https:\/\/t.co\/gHmOdxxjE0<\/a> <a href=\"https:\/\/t.co\/fn3yMPtKio\">pic.twitter.com\/fn3yMPtKio<\/a><\/p>&mdash; Zona Roja Oaxaca (@MexRoja) <a href=\"https:\/\/twitter.com\/MexRoja\/status\/1310621178537545728?ref_src=twsrc%5Etfw\">28 de septiembre de 2020<\/a><\/blockquote><\/div>\n<\/div><\/figure>\n\n\n\n<p>El agente y comisario ejidal de San Mart\u00edn Mexic\u00e1pam, Jacinto Castellanos Valencia, se\u00f1al\u00f3 que la Direcci\u00f3n de Obras del gobierno que encabeza Oswaldo Garc\u00eda Jarqu\u00edn se neg\u00f3 a otorgar informaci\u00f3n solicitada por medio de un oficio, al indicar que la plaza est\u00e1 fuera de la jurisdicci\u00f3n de esa agencia municipal.<\/p>\n\n\n\n<p>Sin embargo, la autoridad auxiliar asever\u00f3 que aunque no est\u00e1 en su agencia el funcionamiento de esta plaza s\u00ed perjudicar\u00e1 a este asentamiento, como ocurri\u00f3 con la construcci\u00f3n de Plaza Bella, tambi\u00e9n cercana a la zona, pues como consecuencia, diversas colonias de esta agencia rese\u00f1an constantes inundaciones.<\/p>\n\n\n\n<p>El agente de Polic\u00eda de Montoya, Antonio V\u00e1zquez Arellanes, agreg\u00f3 que en asamblea general la poblaci\u00f3n determin\u00f3 un rotundo rechazo a la construcci\u00f3n por no existir informaci\u00f3n previa, ni consultar a sus habitantes.<\/p>\n\n\n\n<p>A pesar del incumplimiento de Oswaldo Garc\u00eda en sostener pl\u00e1ticas mensuales con los agentes para conocer las problem\u00e1ticas, los habitantes priorizaron el di\u00e1logo con las autoridades antes de activar el bloqueo. El cierre de la vialidad aleda\u00f1a a la Plaza Bella, colindancia con Atzompa, fue retirada despu\u00e9s de las ocho de la noche.<\/p>\n","protected":false},"excerpt":{"rendered":"<p>Yuridiana Sosa\/Zona Roja. Oaxaca de Ju\u00e1rez, Oax., 28 de septiembre de 2020.- Un permiso que&hellip;<\/p>\n","protected":false},"author":2,"featured_media":18151,"comment_status":"closed","ping_status":"open","sticky":false,"template":"","format":"standard","meta":{"_lmt_disableupdate":"","_lmt_disable":"","_jetpack_memberships_contains_paid_content":false,"footnotes":""},"categories":[109,47],"tags":[115],"class_list":["post-18150","post","type-post","status-publish","format-standard","has-post-thumbnail","hentry","category-minuto-a-minuto","category-zona-gris","tag-oswaldo-garcia-jarquin"],"jetpack_featured_media_url":"https:\/\/zonaroja.com.mx\/wp-content\/uploads\/2020\/09\/Nuevo-centro-comercial-ciudad-de-Oaxaca.jpg","jetpack_sharing_enabled":true,"_links":{"self":[{"href":"https:\/\/zonaroja.com.mx\/index.php?rest_route=\/wp\/v2\/posts\/18150","targetHints":{"allow":["GET"]}}],"collection":[{"href":"https:\/\/zonaroja.com.mx\/index.php?rest_route=\/wp\/v2\/posts"}],"about":[{"href":"https:\/\/zonaroja.com.mx\/index.php?rest_route=\/wp\/v2\/types\/post"}],"author":[{"embeddable":true,"href":"https:\/\/zonaroja.com.mx\/index.php?rest_route=\/wp\/v2\/users\/2"}],"replies":[{"embeddable":true,"href":"https:\/\/zonaroja.com.mx\/index.php?rest_route=%2Fwp%2Fv2%2Fcomments&post=18150"}],"version-history":[{"count":1,"href":"https:\/\/zonaroja.com.mx\/index.php?rest_route=\/wp\/v2\/posts\/18150\/revisions"}],"predecessor-version":[{"id":18152,"href":"https:\/\/zonaroja.com.mx\/index.php?rest_route=\/wp\/v2\/posts\/18150\/revisions\/18152"}],"wp:featuredmedia":[{"embeddable":true,"href":"https:\/\/zonaroja.com.mx\/index.php?rest_route=\/wp\/v2\/media\/18151"}],"wp:attachment":[{"href":"https:\/\/zonaroja.com.mx\/index.php?rest_route=%2Fwp%2Fv2%2Fmedia&parent=18150"}],"wp:term":[{"taxonomy":"category","embeddable":true,"href":"https:\/\/zonaroja.com.mx\/index.php?rest_route=%2Fwp%2Fv2%2Fcategories&post=18150"},{"taxonomy":"post_tag","embeddable":true,"href":"https:\/\/zonaroja.com.mx\/index.php?rest_route=%2Fwp%2Fv2%2Ftags&post=18150"}],"curies":[{"name":"wp","href":"https:\/\/api.w.org\/{rel}","templated":true}]}}