{"id":18156,"date":"2020-09-28T21:50:50","date_gmt":"2020-09-29T02:50:50","guid":{"rendered":"http:\/\/www.zonaroja.com.mx\/?p=18156"},"modified":"2020-09-28T21:50:53","modified_gmt":"2020-09-29T02:50:53","slug":"inicia-oaxaca-en-semaforo-amarillo-con-cero-decesos-y-24-casos-de-covid","status":"publish","type":"post","link":"https:\/\/zonaroja.com.mx\/?p=18156","title":{"rendered":"Inicia Oaxaca en sem\u00e1foro amarillo con cero decesos y 24 casos de Covid"},"content":{"rendered":"\n<p>Redacci\u00f3n\/Zona Roja.<\/p>\n\n\n\n<p>Oaxaca de Ju\u00e1rez, Oax., 28 de septiembre de 2020.- Oaxaca llega este 28 de septiembre a un acumulado de 16 mil 669 casos a causa del Covid-19, inform\u00f3 la dependencia Servicios de Salud de Oaxaca (SSO).<\/p>\n\n\n\n<p>De acuerdo con el reporte epidemiol\u00f3gico de la enfermedad respiratoria, los 24 nuevos pacientes registrados en las \u00faltimas 24 horas, corresponden a 15 municipios, por lo que a la fecha el virus se encuentra activo en 638 personas, mencion\u00f3.<\/p>\n\n\n\n<p>Precis\u00f3 que afortunadamente este lunes no se notific\u00f3 ninguna muerte a causa del padecimiento v\u00edrico, por lo que la cifra de fallecimientos se mantiene en mil 431 p\u00e9rdidas fatales.<\/p>\n\n\n\n<p>Adem\u00e1s, hay un global de 14 mil 600 personas que se han recuperado del padecimiento, 687 se encuentran en espera de resultados, y siete mil 272 han dado negativo a la prueba de diagn\u00f3stico.<\/p>\n\n\n\n<figure class=\"wp-block-embed-twitter wp-block-embed is-type-rich is-provider-twitter\"><div class=\"wp-block-embed__wrapper\">\n<div class=\"twitter-tweet\"><blockquote class=\"twitter-tweet\" data-lang=\"es\"><p lang=\"es\" dir=\"ltr\"><a href=\"https:\/\/twitter.com\/hashtag\/Oaxaca?src=hash&amp;ref_src=twsrc%5Etfw\">#Oaxaca<\/a>, registr\u00f3 al corte de este lunes 28 de septiembre, 24 casos positivos nuevos de <a href=\"https:\/\/twitter.com\/hashtag\/COVID19?src=hash&amp;ref_src=twsrc%5Etfw\">#COVID19<\/a>.<br><br>Protege a tu familia, utiliza <a href=\"https:\/\/twitter.com\/hashtag\/Cubrebocas?src=hash&amp;ref_src=twsrc%5Etfw\">#Cubrebocas<\/a>, l\u00e1vate las manos frecuentemente y si debes salir de casa, mant\u00e9n <a href=\"https:\/\/twitter.com\/hashtag\/SanaDistancia?src=hash&amp;ref_src=twsrc%5Etfw\">#SanaDistancia<\/a>. <a href=\"https:\/\/t.co\/r2qPN8iTNZ\">pic.twitter.com\/r2qPN8iTNZ<\/a><\/p>&mdash; Servicios de Salud (@SSO_GobOax) <a href=\"https:\/\/twitter.com\/SSO_GobOax\/status\/1310749983038230528?ref_src=twsrc%5Etfw\">29 de septiembre de 2020<\/a><\/blockquote><\/div>\n<\/div><\/figure>\n\n\n\n<p>Especific\u00f3 que Valles Centrales contabiliza 11 mil 148 positivos y 690 fallecimientos; Tuxtepec mil 689 y 243 decesos; Istmo mil 678, de las cuales 280 han perdido la vida; Mixteca mil 073 y 100 muertes; Costa 735 y 76 perdidas fatales; Sierra 346, de esta cifra 42 pacientes fallecieron.<\/p>\n\n\n\n<p>Respecto a los municipios con diagnostico nuevos, Oaxaca de Ju\u00e1rez encabeza la lista con ocho casos, seguido de la Heroica Ciudad de Juchit\u00e1n de Zaragoza y Santa Mar\u00eda Huatulco con dos reportes cada uno, y el resto un caso.<\/p>\n\n\n\n<p>Detall\u00f3 que lamentablemente a pesar de las medidas de protecci\u00f3n, a la fecha se tiene el reporte de un global de dos mil 588 trabajadores de Salud que han presentado s\u00edntomas de la enfermedad.<\/p>\n\n\n\n<p>As\u00ed tambi\u00e9n, anunci\u00f3 que la red hospitalaria en el estado, al corte de este lunes, se encuentra al 35.4% de ocupaci\u00f3n de camas asignadas para pacientes que presenten complicaciones m\u00e9dicas a causa del virus.<\/p>\n","protected":false},"excerpt":{"rendered":"<p>Redacci\u00f3n\/Zona Roja. Oaxaca de Ju\u00e1rez, Oax., 28 de septiembre de 2020.- Oaxaca llega este 28&hellip;<\/p>\n","protected":false},"author":2,"featured_media":18157,"comment_status":"closed","ping_status":"open","sticky":false,"template":"","format":"standard","meta":{"_lmt_disableupdate":"","_lmt_disable":"","_jetpack_memberships_contains_paid_content":false,"footnotes":""},"categories":[109,47],"tags":[1512],"class_list":["post-18156","post","type-post","status-publish","format-standard","has-post-thumbnail","hentry","category-minuto-a-minuto","category-zona-gris","tag-coronavirus-oaxaca"],"jetpack_featured_media_url":"https:\/\/zonaroja.com.mx\/wp-content\/uploads\/2020\/09\/SSO-1-8.jpeg","jetpack_sharing_enabled":true,"_links":{"self":[{"href":"https:\/\/zonaroja.com.mx\/index.php?rest_route=\/wp\/v2\/posts\/18156","targetHints":{"allow":["GET"]}}],"collection":[{"href":"https:\/\/zonaroja.com.mx\/index.php?rest_route=\/wp\/v2\/posts"}],"about":[{"href":"https:\/\/zonaroja.com.mx\/index.php?rest_route=\/wp\/v2\/types\/post"}],"author":[{"embeddable":true,"href":"https:\/\/zonaroja.com.mx\/index.php?rest_route=\/wp\/v2\/users\/2"}],"replies":[{"embeddable":true,"href":"https:\/\/zonaroja.com.mx\/index.php?rest_route=%2Fwp%2Fv2%2Fcomments&post=18156"}],"version-history":[{"count":1,"href":"https:\/\/zonaroja.com.mx\/index.php?rest_route=\/wp\/v2\/posts\/18156\/revisions"}],"predecessor-version":[{"id":18158,"href":"https:\/\/zonaroja.com.mx\/index.php?rest_route=\/wp\/v2\/posts\/18156\/revisions\/18158"}],"wp:featuredmedia":[{"embeddable":true,"href":"https:\/\/zonaroja.com.mx\/index.php?rest_route=\/wp\/v2\/media\/18157"}],"wp:attachment":[{"href":"https:\/\/zonaroja.com.mx\/index.php?rest_route=%2Fwp%2Fv2%2Fmedia&parent=18156"}],"wp:term":[{"taxonomy":"category","embeddable":true,"href":"https:\/\/zonaroja.com.mx\/index.php?rest_route=%2Fwp%2Fv2%2Fcategories&post=18156"},{"taxonomy":"post_tag","embeddable":true,"href":"https:\/\/zonaroja.com.mx\/index.php?rest_route=%2Fwp%2Fv2%2Ftags&post=18156"}],"curies":[{"name":"wp","href":"https:\/\/api.w.org\/{rel}","templated":true}]}}