{"id":18166,"date":"2020-09-29T10:07:16","date_gmt":"2020-09-29T15:07:16","guid":{"rendered":"http:\/\/www.zonaroja.com.mx\/?p=18166"},"modified":"2020-09-29T10:07:20","modified_gmt":"2020-09-29T15:07:20","slug":"sin-importar-riesgo-por-covid-inician-clases-presenciales-en-dos-escuelas-de-oaxaca","status":"publish","type":"post","link":"https:\/\/zonaroja.com.mx\/?p=18166","title":{"rendered":"Sin importar riesgo por Covid, inician clases presenciales en dos escuelas de Oaxaca"},"content":{"rendered":"\n<p>Evlin Arag\u00f3n\/Zona Roja.<\/p>\n\n\n\n<p>Oaxaca de Ju\u00e1rez, Oax., 29 de septiembre de 2020.- Pese a toda recomendaci\u00f3n sanitaria y a sabiendas que por instrucci\u00f3n oficiales est\u00e1 suspendida la actividad escolar en aulas, estudiantes de la Escuela Secundaria T\u00e9cnica 271, ubicada en el municipio de San Jacinto Amilpas, toman clases de forma presencial desde hace dos semanas, sin importar el riego de contagio por Covid-19.<\/p>\n\n\n\n<p>As\u00ed lo dieron a conocer madres y padres de familia del centro educativo, quienes denunciaron en entrevista que, por instrucciones del director de la escuela Gabriel D\u00edaz Ram\u00edrez, desde un par de semanas, cuando la entidad a\u00fan se encontraba en color naranja del sem\u00e1foro epidemiol\u00f3gico, determin\u00f3 el regreso a las aulas.&nbsp;<\/p>\n\n\n\n<p>\u201cNos est\u00e1n obligando a que llevemos a nuestros hijos a clases y pues no cuentan con las medidas necesarias ya que el sal\u00f3n es peque\u00f1o. Adem\u00e1s, ninguna escuela est\u00e1 dando clases presenciales m\u00e1s que \u00e9sta\u201d, refiri\u00f3 una de las madres de familia en entrevista, quien pidi\u00f3 el anonimato para evitar represalias en contra de su hija.<\/p>\n\n\n\n<p>Por lo anterior, un aproximado de 60 estudiantes y sus docentes adscritos a la Secci\u00f3n 22 del Sindicato Nacional de Trabajadores de la Educaci\u00f3n (CSNTE), se encuentra en constante riego de contraer el virus del SARS-Cov2 y de poner en riesgo a sus familias y a la comunidad en general ante la propagaci\u00f3n del coronavirus, ya toman clases de forma presencial los d\u00edas lunes, mi\u00e9rcoles y viernes de siete a tres de la tarde.&nbsp;<\/p>\n\n\n\n<p>La situaci\u00f3n mantiene en constante preocupaci\u00f3n a madres de familia que aseguran han tenido que mandar a sus hijas a la escuela para evitar que reprueben el ciclo escolar o sean sancionadas de manera administrativa al impedir que les regresen los papeles, por lo anterior pese al miedo no les ha quedado de otra m\u00e1s que cumplir con la disposici\u00f3n escolar.&nbsp;<\/p>\n\n\n\n<p>\u201cYo la verdad no estoy de acuerdo, pero tampoco quiero que mi hija pierda clases, se retrase en los temas vistos o que tomen alguna represalia en su contra, por eso la llevo, pero tengo miedo de que exista contagio con esto de la pandemia\u201d, dijo.&nbsp;<\/p>\n\n\n\n<p>Y aunque la escuela ha dicho que personal docente y alumnado est\u00e1n obligados a portar cubreboca, adem\u00e1s de que se cuenta con gel antibacterial, ello no garantiza nada ya que al momento de receso hay contacto f\u00edsico e incluso el retiro de la protecci\u00f3n en el rostro por parte de las y los j\u00f3venes.&nbsp;<\/p>\n\n\n\n<p>\u201cMi hija me ha dicho que algunos j\u00f3venes solo usan el cubreboca para entrar al plantel y luego se lo retiran, otros m\u00e1s en el recreo se lo quitan porque se enfadan de llevarlo todo el tiempo, adem\u00e1s son inquietos y pues se ponen a jugar y hay contacto f\u00edsico por lo que podr\u00eda ser un motivo de contagio\u201d, se\u00f1al\u00f3.<\/p>\n\n\n\n<p>Por todo lo anterior han pedido una mesa de di\u00e1logo con las autoridades del IEEPO para exponer la preocupaci\u00f3n que les genera el posible contagio de Covid-19 y buscar otras opciones para mantener la educaci\u00f3n de las y los menores, pero sin ning\u00fan tipo de riesgo a salud.&nbsp;<\/p>\n\n\n\n<p>TAMBI\u00c9N INTERNADO DE MANTEC\u00d3N<\/p>\n\n\n\n<p>Por otra parte, otra madre de familia denunci\u00f3 v\u00eda telef\u00f3nica que tambi\u00e9n en el internado de Reyes Mantec\u00f3n, municipio de San Bartolo Coyotepec, est\u00e1n obligando a iniciar clases presenciales.<\/p>\n\n\n\n<p>\u201cEl 30 de septiembre ya empezaron las clases, y los d\u00edas 5 y 8 de octubre se estar\u00e1n llevando a cabo clases presenciales en la secundaria n\u00famero 14 del internado de Reyes Mantec\u00f3n, en un horario de siete de la ma\u00f1ana a dos y media de la tarde.<\/p>\n\n\n\n<p>\u201cLo hago (la denuncia) porque es un internado, tienen ni\u00f1os internos y externos, como vienen de todo el estado, es una situaci\u00f3n preocupante por eso de la pandemia\u201d, dijo la mujer que pidi\u00f3 el anonimato.<\/p>\n\n\n\n<p>Expuso que son aproximadamente 40 alumnos por grupo, en total 12 grupos, a los que est\u00e1n obligado a acudir, por parte del director Bulmaro El\u00edas Mart\u00ednez.<\/p>\n\n\n\n<p>\u201cSupuestamente son d\u00edas que van a entregar trabajos y les van a dar unas asesor\u00edas; las maestras tambi\u00e9n no quieren presentarse pero el director dice que fue una orden de arriba; incluso hoy (ayer) tuvieron junta\u201d, manifest\u00f3 la madre de familia, al pedir la intervenci\u00f3n de las autoridades educativas.<\/p>\n","protected":false},"excerpt":{"rendered":"<p>Evlin Arag\u00f3n\/Zona Roja. Oaxaca de Ju\u00e1rez, Oax., 29 de septiembre de 2020.- Pese a toda&hellip;<\/p>\n","protected":false},"author":2,"featured_media":18167,"comment_status":"closed","ping_status":"open","sticky":false,"template":"","format":"standard","meta":{"_lmt_disableupdate":"","_lmt_disable":"","_jetpack_memberships_contains_paid_content":false,"footnotes":""},"categories":[109,47],"tags":[1512],"class_list":["post-18166","post","type-post","status-publish","format-standard","has-post-thumbnail","hentry","category-minuto-a-minuto","category-zona-gris","tag-coronavirus-oaxaca"],"jetpack_featured_media_url":"https:\/\/zonaroja.com.mx\/wp-content\/uploads\/2020\/09\/Internado-Reyes-Mantecon.jpg","jetpack_sharing_enabled":true,"_links":{"self":[{"href":"https:\/\/zonaroja.com.mx\/index.php?rest_route=\/wp\/v2\/posts\/18166","targetHints":{"allow":["GET"]}}],"collection":[{"href":"https:\/\/zonaroja.com.mx\/index.php?rest_route=\/wp\/v2\/posts"}],"about":[{"href":"https:\/\/zonaroja.com.mx\/index.php?rest_route=\/wp\/v2\/types\/post"}],"author":[{"embeddable":true,"href":"https:\/\/zonaroja.com.mx\/index.php?rest_route=\/wp\/v2\/users\/2"}],"replies":[{"embeddable":true,"href":"https:\/\/zonaroja.com.mx\/index.php?rest_route=%2Fwp%2Fv2%2Fcomments&post=18166"}],"version-history":[{"count":1,"href":"https:\/\/zonaroja.com.mx\/index.php?rest_route=\/wp\/v2\/posts\/18166\/revisions"}],"predecessor-version":[{"id":18168,"href":"https:\/\/zonaroja.com.mx\/index.php?rest_route=\/wp\/v2\/posts\/18166\/revisions\/18168"}],"wp:featuredmedia":[{"embeddable":true,"href":"https:\/\/zonaroja.com.mx\/index.php?rest_route=\/wp\/v2\/media\/18167"}],"wp:attachment":[{"href":"https:\/\/zonaroja.com.mx\/index.php?rest_route=%2Fwp%2Fv2%2Fmedia&parent=18166"}],"wp:term":[{"taxonomy":"category","embeddable":true,"href":"https:\/\/zonaroja.com.mx\/index.php?rest_route=%2Fwp%2Fv2%2Fcategories&post=18166"},{"taxonomy":"post_tag","embeddable":true,"href":"https:\/\/zonaroja.com.mx\/index.php?rest_route=%2Fwp%2Fv2%2Ftags&post=18166"}],"curies":[{"name":"wp","href":"https:\/\/api.w.org\/{rel}","templated":true}]}}