{"id":1817,"date":"2019-06-24T22:30:05","date_gmt":"2019-06-25T03:30:05","guid":{"rendered":"http:\/\/www.zonaroja.com.mx\/?p=1817"},"modified":"2019-06-24T22:30:07","modified_gmt":"2019-06-25T03:30:07","slug":"exigen-castigo-contra-funcionaria-del-poder-judicial-que-mato-a-anciana","status":"publish","type":"post","link":"https:\/\/zonaroja.com.mx\/?p=1817","title":{"rendered":"Exigen castigo contra funcionaria del Poder Judicial que mat\u00f3 a anciana"},"content":{"rendered":"\n<p>Redacci\u00f3n<\/p>\n\n\n\n<p>Oaxaca de\nJu\u00e1rez, Oax., 24 de junio de 2019.- Con un cierre temporal de la calzada H\u00e9roes\nde Chapultepec, la tarde de este lunes un grupo de trabajadores del Instituto\nMexicano del Seguro Social exigi\u00f3 castigo para una funcionaria del Poder\nJudicial del Estado de Oaxaca, que atropell\u00f3 y mat\u00f3 a una persona de la tercera\nedad.<\/p>\n\n\n\n<p>Se trata de Mar\u00eda\ndel Socorro Rodr\u00edguez Arango, secretaria de Acuerdos del Fondo de\nAdministraci\u00f3n de Justicia, quien presuntamente caus\u00f3 un percance vial ayer\nalrededor de las 07:00 horas en la v\u00eda federal 190, Oaxaca-Istmo, a la altura\ndel crucero a Tlalixtac de Cabrera.<\/p>\n\n\n\n<figure class=\"wp-block-image\"><img decoding=\"async\" width=\"575\" height=\"1024\" src=\"http:\/\/www.zonaroja.com.mx\/wp-content\/uploads\/2019\/06\/fcd9a1b9-864c-481d-9df8-0539f66e5031-575x1024.jpg\" alt=\"\" class=\"wp-image-1818\" srcset=\"https:\/\/zonaroja.com.mx\/wp-content\/uploads\/2019\/06\/fcd9a1b9-864c-481d-9df8-0539f66e5031-575x1024.jpg 575w, https:\/\/zonaroja.com.mx\/wp-content\/uploads\/2019\/06\/fcd9a1b9-864c-481d-9df8-0539f66e5031-168x300.jpg 168w, https:\/\/zonaroja.com.mx\/wp-content\/uploads\/2019\/06\/fcd9a1b9-864c-481d-9df8-0539f66e5031.jpg 584w\" sizes=\"(max-width: 575px) 100vw, 575px\" \/><\/figure>\n\n\n\n<p>Como\nresultado del impacto de su camioneta marca Jeep, tipo Patriot, con un coche\ntipo Ne\u00f3n, marca Dodge, resultaron lesionadas Aurora P. M., de 73 a\u00f1os de edad,\ny Paula Yosel\u00edn V. R., esta \u00faltima trabajadora del IMSS.<\/p>\n\n\n\n<p>Presuntamente\npolic\u00edas de Tlalixtac detuvieron a las v\u00edctimas y dejaron en libertad a Mar\u00eda\ndel Socorro, quien presumen se encontraba en estado de ebriedad.<\/p>\n\n\n\n<p>Por la noche\nde ayer perdi\u00f3 la vida la persona de la tercera edad por lo cual la tarde de\neste lunes, familiares y trabajadores del Seguro Social exigieron con pancartas\ny un bloqueo breve a la vialidad en la capital del estado, castigo a la\npresunta responsable del homicidio culposo. <\/p>\n","protected":false},"excerpt":{"rendered":"<p>Redacci\u00f3n Oaxaca de Ju\u00e1rez, Oax., 24 de junio de 2019.- Con un cierre temporal de&hellip;<\/p>\n","protected":false},"author":2,"featured_media":1819,"comment_status":"closed","ping_status":"open","sticky":false,"template":"","format":"standard","meta":{"_lmt_disableupdate":"","_lmt_disable":"","_jetpack_memberships_contains_paid_content":false,"footnotes":""},"categories":[109,51],"tags":[58,223],"class_list":["post-1817","post","type-post","status-publish","format-standard","has-post-thumbnail","hentry","category-minuto-a-minuto","category-zona-roja","tag-oaxaca","tag-poder-judicial-de-oaxaca"],"jetpack_featured_media_url":"https:\/\/zonaroja.com.mx\/wp-content\/uploads\/2019\/06\/2ef1858b-4743-496e-96c1-c434544b8d96.jpg","jetpack_sharing_enabled":true,"_links":{"self":[{"href":"https:\/\/zonaroja.com.mx\/index.php?rest_route=\/wp\/v2\/posts\/1817","targetHints":{"allow":["GET"]}}],"collection":[{"href":"https:\/\/zonaroja.com.mx\/index.php?rest_route=\/wp\/v2\/posts"}],"about":[{"href":"https:\/\/zonaroja.com.mx\/index.php?rest_route=\/wp\/v2\/types\/post"}],"author":[{"embeddable":true,"href":"https:\/\/zonaroja.com.mx\/index.php?rest_route=\/wp\/v2\/users\/2"}],"replies":[{"embeddable":true,"href":"https:\/\/zonaroja.com.mx\/index.php?rest_route=%2Fwp%2Fv2%2Fcomments&post=1817"}],"version-history":[{"count":1,"href":"https:\/\/zonaroja.com.mx\/index.php?rest_route=\/wp\/v2\/posts\/1817\/revisions"}],"predecessor-version":[{"id":1820,"href":"https:\/\/zonaroja.com.mx\/index.php?rest_route=\/wp\/v2\/posts\/1817\/revisions\/1820"}],"wp:featuredmedia":[{"embeddable":true,"href":"https:\/\/zonaroja.com.mx\/index.php?rest_route=\/wp\/v2\/media\/1819"}],"wp:attachment":[{"href":"https:\/\/zonaroja.com.mx\/index.php?rest_route=%2Fwp%2Fv2%2Fmedia&parent=1817"}],"wp:term":[{"taxonomy":"category","embeddable":true,"href":"https:\/\/zonaroja.com.mx\/index.php?rest_route=%2Fwp%2Fv2%2Fcategories&post=1817"},{"taxonomy":"post_tag","embeddable":true,"href":"https:\/\/zonaroja.com.mx\/index.php?rest_route=%2Fwp%2Fv2%2Ftags&post=1817"}],"curies":[{"name":"wp","href":"https:\/\/api.w.org\/{rel}","templated":true}]}}