{"id":18173,"date":"2020-09-29T15:13:53","date_gmt":"2020-09-29T20:13:53","guid":{"rendered":"https:\/\/www.zonaroja.com.mx\/?p=18173"},"modified":"2020-09-29T15:13:55","modified_gmt":"2020-09-29T20:13:55","slug":"trabajadores-del-sector-salud-inician-paro-de-labores-en-la-cuenca-e-istmo","status":"publish","type":"post","link":"https:\/\/zonaroja.com.mx\/?p=18173","title":{"rendered":"Trabajadores del sector salud inician paro de labores en la Cuenca e Istmo"},"content":{"rendered":"\n<p class=\"MsoNormal\">Yuridiana Sosa\/Zona Roja. <\/p>\n\n\n\n<p class=\"MsoNormal\">Oaxaca de Ju\u00e1rez, Oax., 29 de septiembre de Oax.- Trabajadores afiliados a la Secci\u00f3n 35 del Sindicato Nacional de Trabajadores de Salud (SNTSA), en las regiones de la Cuenca y el Istmo, llevan a cabo un paro de labores para exigir el pago del bono Covid que el gobierno de Oaxaca prometi\u00f3 depositar el pasado 25 de septiembre.<\/p>\n\n\n\n<p class=\"MsoNormal\">Los inconformes comenzaron una asamblea permanente de 24 horas, en la que cerraron oficinas de las Jurisdicciones Sanitarias 02 y 03 en el Istmo y Tuxtepec, respectivament , Centros de Salud y la atenci\u00f3n en hospitales qued\u00f3 limitada al \u00e1rea urgencias, como medida de presi\u00f3n y denuncia al incumplimiento del gobernador Alejandro Murat.<\/p>\n\n\n\n<p class=\"MsoNormal\">En reuni\u00f3n del trabajo del pasado 21 de septiembre, el mandatario y la Secretar\u00eda de Salud de Oaxaca se comprometieron con la Secci\u00f3n 35 del SNTE de depositar cinco mil pesos para cada uno de los trabajadores activos en la contingencia, por lo que iniciaron esta nueva movilizaci\u00f3n.<\/p>\n\n\n\n<p class=\"MsoNormal\">Para denunciar el hecho ante la Secretar\u00eda de Salud y exigir soluci\u00f3n al problema, <a href=\"\/\/3\">este martes<\/a> se movilizaron a la Ciudad de M\u00e9xico una comisi\u00f3n del Comit\u00e9 Ejecutivo de la gremial con asistencia de delegados de hospitales y siete secretarios de las subsecciones.<\/p>\n\n\n\n<p class=\"MsoNormal\">De acuerdo con la Secci\u00f3n 35, tambi\u00e9n buscan el di\u00e1logo con las autoridades nacionales del Instituto de Salud para el Bienestar, y el ISSSTE, a este \u00faltimo para tambi\u00e9n exponer la deuda que el gobierno estatal mantiene con la instituci\u00f3n y que afecta a los trabajadores. <\/p>\n","protected":false},"excerpt":{"rendered":"<p>Yuridiana Sosa\/Zona Roja. Oaxaca de Ju\u00e1rez, Oax., 29 de septiembre de Oax.- Trabajadores afiliados a&hellip;<\/p>\n","protected":false},"author":2,"featured_media":18172,"comment_status":"closed","ping_status":"open","sticky":false,"template":"","format":"standard","meta":{"_lmt_disableupdate":"","_lmt_disable":"","_jetpack_memberships_contains_paid_content":false,"footnotes":""},"categories":[109,47],"tags":[1653],"class_list":["post-18173","post","type-post","status-publish","format-standard","has-post-thumbnail","hentry","category-minuto-a-minuto","category-zona-gris","tag-seccion-35-sindicato-nacional-de-trabajadores-de-la-secretaria-de-salud"],"jetpack_featured_media_url":"https:\/\/zonaroja.com.mx\/wp-content\/uploads\/2020\/09\/9b2374ce-65f9-4aeb-bf96-ef0ea2df6b09.jpg","jetpack_sharing_enabled":true,"_links":{"self":[{"href":"https:\/\/zonaroja.com.mx\/index.php?rest_route=\/wp\/v2\/posts\/18173","targetHints":{"allow":["GET"]}}],"collection":[{"href":"https:\/\/zonaroja.com.mx\/index.php?rest_route=\/wp\/v2\/posts"}],"about":[{"href":"https:\/\/zonaroja.com.mx\/index.php?rest_route=\/wp\/v2\/types\/post"}],"author":[{"embeddable":true,"href":"https:\/\/zonaroja.com.mx\/index.php?rest_route=\/wp\/v2\/users\/2"}],"replies":[{"embeddable":true,"href":"https:\/\/zonaroja.com.mx\/index.php?rest_route=%2Fwp%2Fv2%2Fcomments&post=18173"}],"version-history":[{"count":1,"href":"https:\/\/zonaroja.com.mx\/index.php?rest_route=\/wp\/v2\/posts\/18173\/revisions"}],"predecessor-version":[{"id":18174,"href":"https:\/\/zonaroja.com.mx\/index.php?rest_route=\/wp\/v2\/posts\/18173\/revisions\/18174"}],"wp:featuredmedia":[{"embeddable":true,"href":"https:\/\/zonaroja.com.mx\/index.php?rest_route=\/wp\/v2\/media\/18172"}],"wp:attachment":[{"href":"https:\/\/zonaroja.com.mx\/index.php?rest_route=%2Fwp%2Fv2%2Fmedia&parent=18173"}],"wp:term":[{"taxonomy":"category","embeddable":true,"href":"https:\/\/zonaroja.com.mx\/index.php?rest_route=%2Fwp%2Fv2%2Fcategories&post=18173"},{"taxonomy":"post_tag","embeddable":true,"href":"https:\/\/zonaroja.com.mx\/index.php?rest_route=%2Fwp%2Fv2%2Ftags&post=18173"}],"curies":[{"name":"wp","href":"https:\/\/api.w.org\/{rel}","templated":true}]}}