{"id":18175,"date":"2020-09-29T18:51:58","date_gmt":"2020-09-29T23:51:58","guid":{"rendered":"http:\/\/www.zonaroja.com.mx\/?p=18175"},"modified":"2020-09-29T18:52:02","modified_gmt":"2020-09-29T23:52:02","slug":"de-nuevo-rebasado-el-limite-del-area-covid-del-hospital-issste-en-oaxaca","status":"publish","type":"post","link":"https:\/\/zonaroja.com.mx\/?p=18175","title":{"rendered":"De nuevo, rebasado el l\u00edmite del \u00e1rea Covid del hospital ISSSTE en Oaxaca"},"content":{"rendered":"\n<p>Yuridiana Sosa\/Zona Roja.<\/p>\n\n\n\n<p>Oaxaca de Ju\u00e1rez, Oax-. 29 de septiembre de 2020.- El Hospital Regional \u201cPresidente Ju\u00e1rez\u201d del ISSSTE en Oaxaca, report\u00f3 que el \u00e1rea Covid-19 se encuentra al 110 por ciento de su capacidad, por lo que anunci\u00f3 que, en tanto no existe la disponibilidad, no podr\u00e1 atender a m\u00e1s pacientes por SARS-Cov-2.<\/p>\n\n\n\n<p>El director del hospital, Jes\u00fas Gonz\u00e1lez L\u00f3pez Cruz, dio a conocer esta situaci\u00f3n al suplente en ausencia del titular de la representaci\u00f3n del ISSSTE en el Estado de Oaxaca, Jos\u00e9 Eduardo Arredondo Carrasco, pues con fecha de este 28 de septiembre &#8211;en inicio de sem\u00e1foro amarillo&#8211; las 32 camas disponibles estaban ocupadas, oblig\u00e1ndose a utilizar m\u00e1s espacios ante la demanda m\u00e9dica.<\/p>\n\n\n\n<p>A trav\u00e9s de un oficio, el director del nosocomio ubicado en la capital explic\u00f3 que, de las 32 camas del \u00e1rea Covid-19, 24 est\u00e1n destinadas a pacientes adultos, seis a pediatr\u00eda y dos a toco cirug\u00eda, pero hasta este lunes contaba con los 25 adultos hospitalizados, de los que 15 han requerido de apoyo mec\u00e1nico ventilatorio.<\/p>\n\n\n\n<p>El hospital, agreg\u00f3, no cuenta con capacidad para su expansi\u00f3n, pues tambi\u00e9n presenta un d\u00e9ficit en personal m\u00e9dico, enfermer\u00eda y espacio f\u00edsico para esa \u00e1rea de atenci\u00f3n.<\/p>\n\n\n\n<p>Motivo por el que anunci\u00f3 que no podr\u00e1n recibir pacientes referidos de cl\u00ednicas for\u00e1neas ni a m\u00e1s pacientes por Covid-19.<\/p>\n\n\n\n<p>Las condiciones en el Hospital Regional distan de un escenario de sem\u00e1foro amarillo, de riego medio, al cual Oaxaca ingreso este lunes supuestamente por una merma en el n\u00famero de contagios.&nbsp;<\/p>\n","protected":false},"excerpt":{"rendered":"<p>Yuridiana Sosa\/Zona Roja. Oaxaca de Ju\u00e1rez, Oax-. 29 de septiembre de 2020.- El Hospital Regional&hellip;<\/p>\n","protected":false},"author":2,"featured_media":18176,"comment_status":"closed","ping_status":"open","sticky":false,"template":"","format":"standard","meta":{"_lmt_disableupdate":"","_lmt_disable":"","_jetpack_memberships_contains_paid_content":false,"footnotes":""},"categories":[109,47],"tags":[2060],"class_list":["post-18175","post","type-post","status-publish","format-standard","has-post-thumbnail","hentry","category-minuto-a-minuto","category-zona-gris","tag-hospital-regional-del-issste-presidente-juarez"],"jetpack_featured_media_url":"https:\/\/zonaroja.com.mx\/wp-content\/uploads\/2020\/09\/Hospital-regional-del-ISSSTE-Oaxaca.jpg","jetpack_sharing_enabled":true,"_links":{"self":[{"href":"https:\/\/zonaroja.com.mx\/index.php?rest_route=\/wp\/v2\/posts\/18175","targetHints":{"allow":["GET"]}}],"collection":[{"href":"https:\/\/zonaroja.com.mx\/index.php?rest_route=\/wp\/v2\/posts"}],"about":[{"href":"https:\/\/zonaroja.com.mx\/index.php?rest_route=\/wp\/v2\/types\/post"}],"author":[{"embeddable":true,"href":"https:\/\/zonaroja.com.mx\/index.php?rest_route=\/wp\/v2\/users\/2"}],"replies":[{"embeddable":true,"href":"https:\/\/zonaroja.com.mx\/index.php?rest_route=%2Fwp%2Fv2%2Fcomments&post=18175"}],"version-history":[{"count":1,"href":"https:\/\/zonaroja.com.mx\/index.php?rest_route=\/wp\/v2\/posts\/18175\/revisions"}],"predecessor-version":[{"id":18177,"href":"https:\/\/zonaroja.com.mx\/index.php?rest_route=\/wp\/v2\/posts\/18175\/revisions\/18177"}],"wp:featuredmedia":[{"embeddable":true,"href":"https:\/\/zonaroja.com.mx\/index.php?rest_route=\/wp\/v2\/media\/18176"}],"wp:attachment":[{"href":"https:\/\/zonaroja.com.mx\/index.php?rest_route=%2Fwp%2Fv2%2Fmedia&parent=18175"}],"wp:term":[{"taxonomy":"category","embeddable":true,"href":"https:\/\/zonaroja.com.mx\/index.php?rest_route=%2Fwp%2Fv2%2Fcategories&post=18175"},{"taxonomy":"post_tag","embeddable":true,"href":"https:\/\/zonaroja.com.mx\/index.php?rest_route=%2Fwp%2Fv2%2Ftags&post=18175"}],"curies":[{"name":"wp","href":"https:\/\/api.w.org\/{rel}","templated":true}]}}