{"id":18178,"date":"2020-09-29T19:17:10","date_gmt":"2020-09-30T00:17:10","guid":{"rendered":"http:\/\/www.zonaroja.com.mx\/?p=18178"},"modified":"2020-09-29T19:17:17","modified_gmt":"2020-09-30T00:17:17","slug":"la-cndh-demanda-a-fiscalia-de-oaxaca-indagar-y-castigar-asesinato-de-lider-de-fpr","status":"publish","type":"post","link":"https:\/\/zonaroja.com.mx\/?p=18178","title":{"rendered":"La CNDH demanda a Fiscal\u00eda de Oaxaca indagar y castigar asesinato de l\u00edder de FPR"},"content":{"rendered":"\n<p>Yuridiana Sosa\/Zona Roja.<\/p>\n\n\n\n<p>Oaxaca de Ju\u00e1rez, Oax., 29 de septiembre de 2020.- La Comisi\u00f3n Nacional de Derechos Humanos (CNDH) demand\u00f3 a la Fiscal\u00eda General del Estado de Oaxaca investigar y castigar el homicidio del dirigente regional del Frente Popular Revolucionario (FPR), Tom\u00e1s Mart\u00ednez Pinacho, as\u00ed como las agresiones de su colaborador Reginaldo Garc\u00eda.<\/p>\n\n\n\n<p>En un comunicado, el organismo nacional pidi\u00f3 a la autoridad estatal esclarecer los hechos ocurridos el pasado 24 de agosto con una investigaci\u00f3n exhaustiva, detener a los responsables y aplicar justicia conforme a derecho a fin que no quede impune el delito.<\/p>\n\n\n\n<p>La CNDH atrajo el caso tras una reuni\u00f3n entre la Direcci\u00f3n General de Agravios a Periodistas y Defensores Civiles de Derechos Humanos de la Quinta Visitadur\u00eda de ese organismo con el FPR el pasado 25 de septiembre, realizada en las oficinas de la Defensor\u00eda de los Derechos Humanos del Pueblo de Oaxaca (DDHPO).<\/p>\n\n\n\n<p>La Comisi\u00f3n Nacional extern\u00f3 su preocupaci\u00f3n por el contexto de violencia en el que los defensores de derechos humanos se desempe\u00f1an y el asesinado de Mart\u00ednez Pinacho es un ejemplo, motivo por que el tambi\u00e9n llam\u00f3 a la DDHPO continuar con las investigaciones de los hechos que el FPR ha denunciado, y de los cual estar\u00e1 vigilante de su cumplimiento.<\/p>\n\n\n\n<p>Pues durante esa reuni\u00f3n se revisaron los avances de las diferentes quejas de la organizaci\u00f3n y las medidas de protecci\u00f3n establecidas.<\/p>\n\n\n\n<p>As\u00ed tambi\u00e9n, pidi\u00f3 a las autoridades estatales y municipales facilitar la labor de los defensores de derechos humanos, evitar obstaculizar su desempe\u00f1o, protegerlos de los agravios e investigar los hechos de los que sean v\u00edctimas.<\/p>\n\n\n\n<p>Luego del crimen e intento de homicidio, el Frente Popular Revolucionario (FPR) ha efectuado diversas movilizaciones, pero a pesar de ello, la Fiscal\u00eda General, a cargo de Rub\u00e9n Vasconcelos M\u00e9ndez, sigue sin tener avances en las indagatorias, mucho menos hay personas detenidas.<\/p>\n","protected":false},"excerpt":{"rendered":"<p>Yuridiana Sosa\/Zona Roja. Oaxaca de Ju\u00e1rez, Oax., 29 de septiembre de 2020.- La Comisi\u00f3n Nacional&hellip;<\/p>\n","protected":false},"author":2,"featured_media":16732,"comment_status":"closed","ping_status":"open","sticky":false,"template":"","format":"standard","meta":{"_lmt_disableupdate":"","_lmt_disable":"","_jetpack_memberships_contains_paid_content":false,"footnotes":""},"categories":[109,47],"tags":[1793],"class_list":["post-18178","post","type-post","status-publish","format-standard","has-post-thumbnail","hentry","category-minuto-a-minuto","category-zona-gris","tag-comision-nacional-de-los-derechos-humanos"],"jetpack_featured_media_url":"https:\/\/zonaroja.com.mx\/wp-content\/uploads\/2020\/08\/Asesinados-FPR-Tomas-Martinez-Pinacho.jpg","jetpack_sharing_enabled":true,"_links":{"self":[{"href":"https:\/\/zonaroja.com.mx\/index.php?rest_route=\/wp\/v2\/posts\/18178","targetHints":{"allow":["GET"]}}],"collection":[{"href":"https:\/\/zonaroja.com.mx\/index.php?rest_route=\/wp\/v2\/posts"}],"about":[{"href":"https:\/\/zonaroja.com.mx\/index.php?rest_route=\/wp\/v2\/types\/post"}],"author":[{"embeddable":true,"href":"https:\/\/zonaroja.com.mx\/index.php?rest_route=\/wp\/v2\/users\/2"}],"replies":[{"embeddable":true,"href":"https:\/\/zonaroja.com.mx\/index.php?rest_route=%2Fwp%2Fv2%2Fcomments&post=18178"}],"version-history":[{"count":1,"href":"https:\/\/zonaroja.com.mx\/index.php?rest_route=\/wp\/v2\/posts\/18178\/revisions"}],"predecessor-version":[{"id":18179,"href":"https:\/\/zonaroja.com.mx\/index.php?rest_route=\/wp\/v2\/posts\/18178\/revisions\/18179"}],"wp:featuredmedia":[{"embeddable":true,"href":"https:\/\/zonaroja.com.mx\/index.php?rest_route=\/wp\/v2\/media\/16732"}],"wp:attachment":[{"href":"https:\/\/zonaroja.com.mx\/index.php?rest_route=%2Fwp%2Fv2%2Fmedia&parent=18178"}],"wp:term":[{"taxonomy":"category","embeddable":true,"href":"https:\/\/zonaroja.com.mx\/index.php?rest_route=%2Fwp%2Fv2%2Fcategories&post=18178"},{"taxonomy":"post_tag","embeddable":true,"href":"https:\/\/zonaroja.com.mx\/index.php?rest_route=%2Fwp%2Fv2%2Ftags&post=18178"}],"curies":[{"name":"wp","href":"https:\/\/api.w.org\/{rel}","templated":true}]}}